{"id":55214,"date":"2021-12-05T06:59:34","date_gmt":"2021-12-05T12:59:34","guid":{"rendered":"https:\/\/www.laprensa.com.ni\/magazine\/?p=55214"},"modified":"2023-12-27T01:15:00","modified_gmt":"2023-12-27T07:15:00","slug":"la-campana-navidad-sin-presos-politicos-que-enterro-el-terremoto-de-1972","status":"publish","type":"post","link":"https:\/\/staging.laprensanic.com\/magazine\/reportajes\/la-campana-navidad-sin-presos-politicos-que-enterro-el-terremoto-de-1972\/","title":{"rendered":"La campa\u00f1a \u201cNavidad sin presos pol\u00edticos\u201d que enterr\u00f3 el terremoto de 1972"},"content":{"rendered":"\n<p class=\"has-text-align-left\">Cuando est\u00e9s sentado ah\u00ed en tu mesa<\/p>\n\n\n\n<p>donde abundar\u00e1 vino y caviar<\/p>\n\n\n\n<p>piensa que en la c\u00e1rcel hay hermanos<\/p>\n\n\n\n<p>que por ti luchando est\u00e1n.<\/p>\n\n\n\n<p>Ellos no tendr\u00e1n este diciembre<\/p>\n\n\n\n<p>ni relleno ni champ\u00e1n<\/p>\n\n\n\n<p>pero brindar\u00e1n desde sus celdas<\/p>\n\n\n\n<p>con la copa de su ideal<\/p>\n\n\n\n<p>Y luego el coro. \u201cFeliz Navidad, feliz Navidad, en justicia y libertad\u201d.<\/p>\n\n\n\n<p>Esta es una estrofa de la canci\u00f3n que estren\u00f3 Carlos Mej\u00eda Godoy cuando se encontraba en la etapa inicial de su carrera a inicios de los setenta. La canci\u00f3n se llama \u201cNavidad en libertad\u201d, y esa parte no pudo ser grabada porque la censura somocista no se lo permiti\u00f3, as\u00ed que solo la canta cuando la interpreta en vivo, dice el cantautor.<\/p>\n\n\n\n<p>La canci\u00f3n se estren\u00f3 la noche del 22 de diciembre de 1972, en el atrio de la vieja Catedral de Managua donde estaba un grupo de j\u00f3venes haciendo un ayuno como parte de la campa\u00f1a \u201cNavidad sin presos pol\u00edticos\u201d. Casi la misma campa\u00f1a que hacen hoy los familiares de personas que se encuentran en la misma condici\u00f3n, ir\u00f3nicamente, por uno de los reos pol\u00edticos de aquel entonces: Daniel Ortega.<\/p>\n\n\n\n<p>Eran unos 30 j\u00f3venes que pertenec\u00edan al Movimiento Cristiano Revolucionario (MCR), entre ellos estaban Joaqu\u00edn Cuadra, Arlen Si\u00fa, Flor de Mar\u00eda Monterrey, Emilia Torres, Salvador M\u00e9ndez, \u00c1lvaro Baltodano, el reverendo Jos\u00e9 Miguel Torres y el sacerdote Fernando Cardenal, entre otros.<\/p>\n\n\n\n<p>M\u00f3nica Baltodano, mucho antes de ser guerrillera, pertenec\u00eda al MCR y tambi\u00e9n estuvo en la vieja Catedral en aquella protesta. Cuenta que la intenci\u00f3n del ayuno era denunciar la situaci\u00f3n de los presos pol\u00edticos y la precariedad en la que viv\u00edan sus familias que no iban a poder tener una cena navide\u00f1a.<\/p>\n\n\n\n<p>\u201cEra un ayuno ecum\u00e9nico\u201d, recuerda Baltodano, pues en el MCR hab\u00eda cat\u00f3licos y evang\u00e9licos. Todos creyentes y opositores al somocismo. La protesta comenz\u00f3 la ma\u00f1ana de ese 22 de diciembre y se iba a prolongar por al menos siete d\u00edas, para lo cual iban a llegar relevos para que los j\u00f3venes no se desgastaran y pudieran mantener la protesta.<\/p>\n\n\n\n<p>La toma de la vieja Catedral representaba un desaf\u00edo para el r\u00e9gimen somocista, pues al lado estaba el Palacio Nacional donde funcionaba el congreso en aquel entonces, pero los j\u00f3venes tambi\u00e9n ten\u00edan la intenci\u00f3n de que la protesta se extendiera a otras iglesias y m\u00e1s personas se fueran sumando a la campa\u00f1a.<\/p>\n\n\n\n<p>Por la tarde y parte de la noche de ese 22 de diciembre se organiz\u00f3 un evento cultural. Hac\u00eda un calor infernal en Managua y hab\u00eda un resplandor naranja tirando a rojizo en el cielo al caer el sol de las cinco de la tarde. Ya entrada la noche, y cuando termin\u00f3 de grabar un comercial en una radioemisora somocista, Carlos Mej\u00eda Godoy se fue para la Catedral.<\/p>\n\n\n\n<p>No recuerda de d\u00f3nde apareci\u00f3 un acorde\u00f3n porque \u00e9l todav\u00eda no ten\u00eda uno propio, pero empez\u00f3 a tocar y ah\u00ed estren\u00f3 su nueva canci\u00f3n. La noche transcurr\u00eda tranquila hasta que, a eso de las diez de la noche, tembl\u00f3. \u201cEse nos puso en tensi\u00f3n\u201d, cuenta Mej\u00eda Godoy. Fue un movimiento leve, pero al poco tiempo, el artista se fue con su novia a su casa, en la vieja Managua, que quedaba del Cine Le\u00f3n, 25 metros al lago.<\/p>\n\n\n<div class=\"wp-block-image\">\n<figure class=\"aligncenter\"><a href=\"https:\/\/www.laprensa.com.ni\/magazine\/wp-content\/uploads\/2016\/12\/Acr917272546201630311.jpg\"><img fetchpriority=\"high\" decoding=\"async\" width=\"659\" height=\"1024\" src=\"https:\/\/www.laprensa.com.ni\/magazine\/wp-content\/uploads\/2016\/12\/Acr917272546201630311-659x1024.jpg\" alt=\"Carlos Mej\u00eda Godoy, calles y caminos de Nicaragua\" class=\"wp-image-31875\" srcset=\"https:\/\/d1xxa24wwackpg.cloudfront.net\/wp-content\/uploads\/2016\/12\/07152202\/Acr917272546201630311.jpg 659w, https:\/\/d1xxa24wwackpg.cloudfront.net\/wp-content\/uploads\/2016\/12\/07152202\/Acr917272546201630311.jpg 193w, https:\/\/d1xxa24wwackpg.cloudfront.net\/wp-content\/uploads\/2016\/12\/07152202\/Acr917272546201630311.jpg 700w\" sizes=\"(max-width: 659px) 100vw, 659px\" \/><\/a><figcaption class=\"wp-element-caption\"><em>A la izquierda, Carlos Mej\u00eda Godoy en su juventud. CORTES\u00cdA<\/em><\/figcaption><\/figure>\n<\/div>\n\n\n<p>Los j\u00f3venes se quedaron en la vieja Catedral y continuaron con su protesta hasta la madrugada del 23 de diciembre. Estaban durmiendo cuando el reloj del templo se detuvo, las c\u00fapulas colapsaron y las paredes se fracturaron. Cuando la tierra dej\u00f3 de ser tierra y se convirti\u00f3 en flan. Cuando Managua entera se vino abajo.<\/p>\n\n\n\n<p class=\"has-text-align-center\">***<\/p>\n\n\n\n<p>No era la primera vez que un grupo de j\u00f3venes se tomaba un templo para demandar la libertad de los presos pol\u00edticos. \u00c1ngela Saballos era periodista del diario La Prensa para aquel entonces y a ella le tocaba cubrir esas manifestaciones.<\/p>\n\n\n\n<p>Meses previos a ese 22 de diciembre, varios j\u00f3venes ven\u00edan haciendo distintas acciones de protesta para conseguir la liberaci\u00f3n de los presos pol\u00edticos. El escenario principal eran los templos cat\u00f3licos, \u201cy a la Guardia no se le ocurr\u00eda entrar a una iglesia\u201d, cuenta Saballos.<\/p>\n\n\n\n<p>En septiembre de 1972, la periodista recuerda a los estudiantes de la Universidad Centroamericana UCA y a su rector, el padre Fernando Cardenal, tom\u00e1ndose la Catedral de Managua en protesta por las torturas a los reos pol\u00edticos de entonces y hasta se declararon en huelga de hambre indefinida.<\/p>\n\n\n\n<p>Para aquel entonces, el hoy preso pol\u00edtico Edgard Parrales, era un sacerdote que particip\u00f3 en esa toma. \u201cLlegamos a la misa de las seis de la ma\u00f1ana. Sacamos a la gente que estaba llegando a la Catedral. Cerramos las puertas y nos tomamos el lugar. Dec\u00edamos nuestras demandas a trav\u00e9s de los parlantes que estaban en el segundo piso\u201d, cont\u00f3 en el programa Esta Semana, en diciembre de 2018.<\/p>\n\n\n\n<p>\u201cEmpezaron los medios informativos nacionales e internacionales a informar. Se convirti\u00f3 en una crisis tal, que Somoza tuvo reuni\u00f3n permanente con su gabinete para analizar la crisis. El arzobispo tuvo reuni\u00f3n con su clero para analizar la situaci\u00f3n tambi\u00e9n\u201d, narr\u00f3 Parrales.<\/p>\n\n\n\n<p>D\u00edas despu\u00e9s, tras la intermediaci\u00f3n del arzobispo de Managua, monse\u00f1or Miguel Obando y Bravo, los j\u00f3venes abandonaron el templo y Somoza Debayle tuvo que liberar a un grupo de reos. Pero todav\u00eda quedaban m\u00e1s presos pol\u00edticos en las c\u00e1rceles.<\/p>\n\n\n\n<p>En diciembre, el MCR retom\u00f3 la protesta con la campa\u00f1a \u201cNavidad sin presos pol\u00edticos\u201d y por ello decidieron quedarse en el atrio de la Catedral haciendo ayuno. A Saballos no le toc\u00f3 cubrir esa vez, pero pas\u00f3 con su esposo saludando a unos conocidos que se encontraban en la protesta y despu\u00e9s se fue a un bautizo a unas pocas cuadras de ah\u00ed.<\/p>\n\n\n\n<p>Lleg\u00f3 como a eso de las nueve de la noche. \u201cEra la mezcla de un pensamiento de marxistas y un pensamiento de cristianos para demandar una navidad sin reos pol\u00edticos\u201d, recuerda la periodista sobre la protesta.<\/p>\n\n\n\n<p>Aunque la Guardia Nacional no atac\u00f3 la protesta, Saballos dice que en el edificio de TELCOR, a pocos metros de la Catedral, se encontraba un escuadr\u00f3n de guardias listos para ejecutar cualquier orden.<\/p>\n\n\n\n<p>A las diez de la noche hubo un temblor. Pero como desde varios d\u00edas antes ya ven\u00eda temblando, no interrumpieron la protesta, sino hasta media noche.<\/p>\n\n\n\n<p>M\u00f3nica Baltodano estaba durmiendo en el suelo cuando de repente, la tierra se empez\u00f3 a partir. Eran los 6.2 grados en la escala de Richter que estaban zangoloteando a la capital. \u201cCayeron los grandes tenamastes de la Catedral. Fue una coincidencia que nadie sali\u00f3 herido\u201d, cuenta.<\/p>\n\n\n\n<p>Los dem\u00e1s j\u00f3venes que estaban con ella se alarmaron. Todos se levantaron y en la oscuridad de la noche salieron corriendo del atrio hacia la plaza que est\u00e1 enfrente.<\/p>\n\n\n\n<p>\u201cComenc\u00e9 a correr dormida. Yo solo recuerdo que ya iba bajando las gradas de la Catedral y que ca\u00edan las piedras alrededor. Aquello temblaba enormemente\u201d, detalla Baltodano.<\/p>\n\n\n\n<p>Desde la plaza vieron como el Club Social Managua, donde se encuentra hoy la Casa Presidencial, se vino abajo. Tambi\u00e9n la discoteca Plaza que estaba frente al parque central se derrumb\u00f3 y escuchaban los lamentos de cientos de personas que quedaron bajo los escombros.<\/p>\n\n\n<div class=\"wp-block-image\">\n<figure class=\"aligncenter\"><a href=\"https:\/\/www.laprensa.com.ni\/magazine\/wp-content\/uploads\/2021\/12\/Portada2.jpg\"><img decoding=\"async\" width=\"1024\" height=\"642\" src=\"https:\/\/www.laprensa.com.ni\/magazine\/wp-content\/uploads\/2021\/12\/Portada2-1024x642.jpg\" alt=\"\" class=\"wp-image-55218\" srcset=\"https:\/\/d1xxa24wwackpg.cloudfront.net\/wp-content\/uploads\/2021\/12\/Portada2.jpg 1024w, https:\/\/d1xxa24wwackpg.cloudfront.net\/wp-content\/uploads\/2021\/12\/Portada2.jpg 300w, https:\/\/d1xxa24wwackpg.cloudfront.net\/wp-content\/uploads\/2021\/12\/Portada2.jpg 768w, https:\/\/d1xxa24wwackpg.cloudfront.net\/wp-content\/uploads\/2021\/12\/Portada2.jpg 1536w, https:\/\/d1xxa24wwackpg.cloudfront.net\/wp-content\/uploads\/2021\/12\/Portada2.jpg 2048w\" sizes=\"(max-width: 1024px) 100vw, 1024px\" \/><\/a><figcaption class=\"wp-element-caption\"><em>Portada de un peri\u00f3dico brasile\u00f1o tres d\u00edas despu\u00e9s del terremoto. En la imagen se aprecia a la vieja Catedral entre escombros. ARCHIVO<\/em><\/figcaption><\/figure>\n<\/div>\n\n\n<p>Cuando dej\u00f3 de temblar, Managua ya estaba destruida y los j\u00f3venes estaban atemorizados. Sorprendidos. Algunos decidieron regresar a sus hogares en busca de sus familias y otros, como Baltodano, fueron ayudar a las personas enterradas bajo la discoteca.<\/p>\n\n\n\n<p>Saballos recuerda que la discoteca ten\u00eda un pesado techo de concreto. \u201cEra como un queque redondo y cay\u00f3 aplastando a toda la gente\u201d, dice.<\/p>\n\n\n\n<p>La discoteca quedaba casi en frente a la Catedral, cruzando la plaza, de manera que hab\u00eda una especie de paralelismo esa noche. Mientras unos festejaban con m\u00fasica bullangera la llegada de la Navidad, otros protestaban pidiendo una Navidad sin reos pol\u00edticos.<\/p>\n\n\n\n<p>Desde la plaza, los j\u00f3venes manifestantes fueron los testigos de cuando el reloj de la Catedral se detuvo para siempre indicando la hora del desastre. Las 12:35 de la madrugada del 23 de diciembre de 1972.<\/p>\n\n\n\n<p>La vieja y gris Catedral de Managua qued\u00f3 en pie. Visiblemente fracturada. La cruz del campanario derecho se cay\u00f3 y en algunos puntos de sus paredes y relieves qued\u00f3 visible la estructura met\u00e1lica debajo del concreto. El edificio ha sido inhabilitado y ha sido testigo de momento hist\u00f3ricos de Nicaragua, como el del triunfo de la Revoluci\u00f3n Sandinista en 1979.<\/p>\n\n\n<div class=\"wp-block-image\">\n<figure class=\"aligncenter\"><a href=\"https:\/\/www.laprensa.com.ni\/magazine\/wp-content\/uploads\/2021\/12\/ONA_9579-scaled.jpg\"><img decoding=\"async\" width=\"1024\" height=\"680\" src=\"https:\/\/www.laprensa.com.ni\/magazine\/wp-content\/uploads\/2021\/12\/ONA_9579-1024x680.jpg\" alt=\"\" class=\"wp-image-55219\" srcset=\"https:\/\/d1xxa24wwackpg.cloudfront.net\/wp-content\/uploads\/2021\/12\/ONA_9579-scaled.jpg 1024w, https:\/\/d1xxa24wwackpg.cloudfront.net\/wp-content\/uploads\/2021\/12\/ONA_9579-scaled.jpg 300w, https:\/\/d1xxa24wwackpg.cloudfront.net\/wp-content\/uploads\/2021\/12\/ONA_9579-scaled.jpg 768w, https:\/\/d1xxa24wwackpg.cloudfront.net\/wp-content\/uploads\/2021\/12\/ONA_9579-scaled.jpg 1536w, https:\/\/d1xxa24wwackpg.cloudfront.net\/wp-content\/uploads\/2021\/12\/ONA_9579-scaled.jpg 2048w\" sizes=\"(max-width: 1024px) 100vw, 1024px\" \/><\/a><figcaption class=\"wp-element-caption\"><em>As\u00ed luce la Catedral vieja en la actualidad. La entrada al templo est\u00e1 clausurada. \u00d3scar Navarrete\/MAGAZINE<\/em><\/figcaption><\/figure>\n<\/div>\n\n\n<p class=\"has-text-align-center\">***<\/p>\n\n\n\n<p>En la c\u00e1rcel estaba Daniel Ortega en 1972 tras el asalto a una sucursal bancaria en 1967, sin embargo, era considerado un preso pol\u00edtico por pertenecer al Frente Sandinista.<\/p>\n\n\n\n<p>Junto a \u00e9l estaban otros miembros de la guerrilla como Jos\u00e9 Benito Escobar, Jacinto Su\u00e1rez, Carlos Guadamuz, y otros que vivieron el terremoto en sus celdas de La Modelo. La c\u00e1rcel, como era nueva, resisti\u00f3 el potente movimiento.<\/p>\n\n\n\n<p>La c\u00e1rcel que no resisti\u00f3 fue la de El Hormiguero. Casi toda la estructura se vino abajo y la mayor\u00eda de los presos murieron aplastados. Algunos lograron escapar. Emmet Lang Salmer\u00f3n fue uno de los pocos que escap\u00f3 y se encontraba en la lista de presos pol\u00edticos de ese entonces.<\/p>\n\n\n\n<p>M\u00f3nica Baltodano habl\u00f3 con Lang tiempo despu\u00e9s y le cont\u00f3 que \u00e9l estaba durmiendo en calzoncillo por el terrible calor que hac\u00eda, cuando de repente sinti\u00f3 que todo empez\u00f3 a moverse y una gran r\u00e1faga de polvo inund\u00f3 su celda.<\/p>\n\n\n\n<p>Lang estaba tosiendo por el polvazal en lo oscuro cuando de repente se enter\u00f3 que el muro de su celda que daba a la calle se hab\u00eda ca\u00eddo y por ah\u00ed escap\u00f3 junto a otros reos comunes.<\/p>\n\n\n\n<p>Para ese momento, los j\u00f3venes de la Catedral estaban ayudando a sacar a las personas enterradas bajo la discoteca Plaza, pero no pod\u00edan mover el gran techo de concreto que les cay\u00f3 encima, hasta que llegaron bomberos a auxiliarlos.<\/p>\n\n\n\n<p>La madre de Baltodano viv\u00eda por el Cine Gonz\u00e1lez, como a unas cuatro cuadras de la Catedral, as\u00ed que el grupo de j\u00f3venes se fue con ella a la casa de su madre. En las calles vieron el desastre. Incendios, edificios ca\u00eddos, casas destruidas. Media Managua de rodillas.<\/p>\n\n\n\n<p>Todas las casas vecinas se hab\u00edan ca\u00eddo, excepto la de la madre de Baltodano, que solo hab\u00eda botado las tejas, y en el momento en que estaban saliendo de la casa, volvi\u00f3 a temblar.<\/p>\n\n\n\n<p>\u201cLos postes de luz se mec\u00edan y pegaban los de una cuadra con los de la otra cuadra de enfrente. Era inmensamente grande ese segundo temblor\u201d, recuerda Baltodano. Esa fue la r\u00e9plica de las 1:18 de la ma\u00f1ana.<\/p>\n\n\n<div class=\"wp-block-image\">\n<figure class=\"aligncenter\"><a href=\"https:\/\/www.laprensa.com.ni\/magazine\/wp-content\/uploads\/2021\/12\/Terremoto14.jpg\"><img loading=\"lazy\" decoding=\"async\" width=\"1024\" height=\"646\" src=\"https:\/\/www.laprensa.com.ni\/magazine\/wp-content\/uploads\/2021\/12\/Terremoto14-1024x646.jpg\" alt=\"\" class=\"wp-image-55217\" srcset=\"https:\/\/d1xxa24wwackpg.cloudfront.net\/wp-content\/uploads\/2021\/12\/Terremoto14.jpg 1024w, https:\/\/d1xxa24wwackpg.cloudfront.net\/wp-content\/uploads\/2021\/12\/Terremoto14.jpg 300w, https:\/\/d1xxa24wwackpg.cloudfront.net\/wp-content\/uploads\/2021\/12\/Terremoto14.jpg 768w, https:\/\/d1xxa24wwackpg.cloudfront.net\/wp-content\/uploads\/2021\/12\/Terremoto14.jpg 1437w\" sizes=\"(max-width: 1024px) 100vw, 1024px\" \/><\/a><figcaption class=\"wp-element-caption\"><em>Casi todas las edificaciones se vinieron abajo con el terremoto de 1974. CORTES\u00cdA FAMILIA L\u00d3PEZ<\/em><\/figcaption><\/figure>\n<\/div>\n\n\n<p>Con los dem\u00e1s manifestantes, Baltodano se fue para la costa del lago de Managua, donde hoy es la Plaza Juan Pablo II y a las 1:20, cuando estaban de camino al lago, volvi\u00f3 a temblar.<\/p>\n\n\n\n<p>Mientras caminaban, los negocios y casas sucumb\u00edan como casitas de naipes. Fr\u00e1giles. Y las vitrinas y ventanas explotaban con el movimiento de la tierra. Cuando iban pasando por la discoteca Plaza nuevamente vieron como sacaban a una muchacha \u201cque parec\u00eda mu\u00f1eco. Quien sabe cu\u00e1ntos huesos rotos ten\u00eda\u201d. Baltodano recuerda que la joven estaba viva y quej\u00e1ndose de dolor, pero a los pocos minutos falleci\u00f3.<\/p>\n\n\n\n<p>Cuando llegaron a la costa del lago, se quedaron ah\u00ed sentados hasta el amanecer viendo las llamaradas de las casas vecinas y del Palacio Nacional, que segu\u00eda en pie junto al Teatro Nacional Rub\u00e9n Dar\u00edo.<\/p>\n\n\n\n<p>Como la mayor\u00eda no era de Managua y no ten\u00edan a donde ir, prefirieron pasar la noche ah\u00ed. Adem\u00e1s, consideraron peligroso caminar por las calles oscuras de Managua. Cuando amaneci\u00f3, se dieron cuenta que, de todos modos, no quedaba lugar a donde ir. Hasta la casa presidencial de los Somoza en Tiscapa hab\u00eda sufrido da\u00f1os con el terremoto.<\/p>\n\n\n\n<p>\u201cEn 30 segundos, solo Hiroshima, y Managua\u201d titular\u00eda el diario La Prensa el primero de marzo de 1973 cuando el peri\u00f3dico sali\u00f3 nuevamente, porque el 23 de diciembre de 1972 no pudo circular. El edificio del diario tambi\u00e9n se hab\u00eda venido abajo.<\/p>\n\n\n\n<p>\u00c1ngela Saballos recuerda que para la edici\u00f3n del d\u00eda del terremoto que nunca circul\u00f3, casualmente saldr\u00eda publicado un estudio del ingeniero Carlos Santos Berroter\u00e1n, en donde advert\u00eda que en Managua pod\u00eda haber, m\u00e1s temprano que tarde, un nuevo terremoto como el de 1931.<\/p>\n\n\n\n<p>\u201c\u00c9l dec\u00eda que Managua ten\u00eda, y las sigue teniendo, tant\u00edsimas fallas que era como una sand\u00eda en rodajas que se sosten\u00eda sin moverse por el agua subterr\u00e1nea, pero cuando no llov\u00eda, era posible que hubiera un terremoto porque llegaba un momento en que no pod\u00eda sustentarse la falla y la tierra se ven\u00eda abajo\u201d, explica Saballos.<\/p>\n\n\n\n<p>Al amanecer, los j\u00f3venes protestantes ya hab\u00edan suspendido el ayuno y buscaron como regresar a sus casas. D\u00edas despu\u00e9s, la mayor\u00eda se ofreci\u00f3 para ayudar a los \u201cterremoteados\u201d, y se dieron cuenta de que Somoza se estaba robando la ayuda internacional para los damnificados.<\/p>\n\n\n\n<p>La campa\u00f1a de \u201cNavidad sin presos pol\u00edticos\u201d de 1972 qued\u00f3 enterrada con el terremoto. El desastre demandaba mayor atenci\u00f3n. Daniel Ortega y el resto de reos tuvo que esperar hasta 1974, cuando un comando del Frente Sandinista se tom\u00f3 la casa del \u201cChema\u201d Castillo, y tras negociar con Somoza, pudieron salir libres en un avi\u00f3n hacia Cuba.<\/p>\n","protected":false},"excerpt":{"rendered":"<p>Un grupo de j\u00f3venes que demandaba en la Catedral una Navidad sin presos pol\u00edticos en diciembre de 1972 fue sorprendido por el terremoto que destruy\u00f3 Managua. Daniel Ortega era uno de los presos pol\u00edticos de aquel entonces.<\/p>\n","protected":false},"author":5306,"featured_media":55216,"comment_status":"open","ping_status":"open","sticky":false,"template":"","format":"standard","meta":{"_acf_changed":false,"footnotes":""},"categories":[26],"tags":[1256,4929,183,4928,81],"class_list":["post-55214","post","type-post","status-publish","format-standard","has-post-thumbnail","hentry","category-reportajes","tag-anastasio-somoza-debayle","tag-anos-70","tag-daniel-ortega","tag-navidad-sin-presos-politicos","tag-nicaragua"],"acf":[],"_links":{"self":[{"href":"https:\/\/staging.laprensanic.com\/magazine\/wp-json\/wp\/v2\/posts\/55214","targetHints":{"allow":["GET"]}}],"collection":[{"href":"https:\/\/staging.laprensanic.com\/magazine\/wp-json\/wp\/v2\/posts"}],"about":[{"href":"https:\/\/staging.laprensanic.com\/magazine\/wp-json\/wp\/v2\/types\/post"}],"author":[{"embeddable":true,"href":"https:\/\/staging.laprensanic.com\/magazine\/wp-json\/wp\/v2\/users\/5306"}],"replies":[{"embeddable":true,"href":"https:\/\/staging.laprensanic.com\/magazine\/wp-json\/wp\/v2\/comments?post=55214"}],"version-history":[{"count":4,"href":"https:\/\/staging.laprensanic.com\/magazine\/wp-json\/wp\/v2\/posts\/55214\/revisions"}],"predecessor-version":[{"id":58171,"href":"https:\/\/staging.laprensanic.com\/magazine\/wp-json\/wp\/v2\/posts\/55214\/revisions\/58171"}],"wp:featuredmedia":[{"embeddable":true,"href":"https:\/\/staging.laprensanic.com\/magazine\/wp-json\/wp\/v2\/media\/55216"}],"wp:attachment":[{"href":"https:\/\/staging.laprensanic.com\/magazine\/wp-json\/wp\/v2\/media?parent=55214"}],"wp:term":[{"taxonomy":"category","embeddable":true,"href":"https:\/\/staging.laprensanic.com\/magazine\/wp-json\/wp\/v2\/categories?post=55214"},{"taxonomy":"post_tag","embeddable":true,"href":"https:\/\/staging.laprensanic.com\/magazine\/wp-json\/wp\/v2\/tags?post=55214"}],"curies":[{"name":"wp","href":"https:\/\/api.w.org\/{rel}","templated":true}]}}