{"id":55264,"date":"2022-01-02T08:49:54","date_gmt":"2022-01-02T14:49:54","guid":{"rendered":"https:\/\/www.laprensa.com.ni\/magazine\/?p=55264"},"modified":"2023-12-27T00:57:49","modified_gmt":"2023-12-27T06:57:49","slug":"pjchc-el-heroe-perseguido-por-daniel-ortega","status":"publish","type":"post","link":"https:\/\/staging.laprensanic.com\/magazine\/reportajes\/pjchc-el-heroe-perseguido-por-daniel-ortega\/","title":{"rendered":"PJCHC: El h\u00e9roe perseguido por Daniel Ortega"},"content":{"rendered":"\n<p>Si al doctor Pedro Joaqu\u00edn Chamorro Cardenal no lo hubiesen asesinado la ma\u00f1ana de aquel martes 10 de enero de 1978, probablemente hoy estar\u00eda pendiente de LA PRENSA porque el peri\u00f3dico era su vida.<\/p>\n\n\n\n<p>Eso s\u00ed, estar\u00eda muy mayor. Tendr\u00eda 98 a\u00f1os y no estar\u00eda muy feliz de ver que su pa\u00eds sigue bajo la bota opresora de una dictadura. Y peor a\u00fan, una dictadura familiar como la que enfrent\u00f3 cuando era m\u00e1s joven, la de los Somoza.<\/p>\n\n\n\n<p>Estar\u00eda junto a su esposa, la expresidenta Violeta Barrios de Chamorro, y quiz\u00e1s estar\u00eda molesto con su hijo mayor Pedro Joaqu\u00edn Chamorro Barrios por haber hecho p\u00fablica la foto que le dijo que no ocupara porque se ve\u00eda \u201cgordo\u201d.<\/p>\n\n\n\n<p>Esa foto, donde sale usando una camisa polo blanca, pantal\u00f3n oscuro, zapatillas de hebilla y su reloj ajustado un poco arriba de la mu\u00f1eca, con el semblante serio y sus gafas de sol, caminando entre los escombros que dej\u00f3 el terremoto de 1972, se convertir\u00eda en una de las m\u00e1s famosas del periodista despu\u00e9s de su muerte.<\/p>\n\n\n\n<p>Casualmente, la fotograf\u00eda fue tomada a unas dos cuadras de donde fue asesinado.<\/p>\n\n\n\n<p>Su hermana, Ana Chamorro de Holmann, mejor conocida como \u201cdo\u00f1a Anita\u201d, dice que tambi\u00e9n estar\u00eda muy preocupado y dolido por sus hijos Pedro Joaqu\u00edn y Cristiana, quien hoy, al igual que lo fue su padre alguna vez, son presos pol\u00edticos de la nueva dictadura.<\/p>\n\n\n\n<p>Y tambi\u00e9n por su otro hijo, Carlos Fernando, quien se encuentra en el exilio al igual que su padre estuvo alguna vez por enfrentar al r\u00e9gimen de los Somoza desde la misma trinchera, la del periodismo.<\/p>\n\n\n<div class=\"wp-block-image\">\n<figure class=\"aligncenter\"><a href=\"https:\/\/www.laprensa.com.ni\/magazine\/wp-content\/uploads\/2022\/01\/PEDRO-JOAQUIN1.jpg\"><img fetchpriority=\"high\" decoding=\"async\" width=\"700\" height=\"521\" src=\"https:\/\/www.laprensa.com.ni\/magazine\/wp-content\/uploads\/2022\/01\/PEDRO-JOAQUIN1.jpg\" alt=\"\" class=\"wp-image-55266\" srcset=\"https:\/\/d1xxa24wwackpg.cloudfront.net\/wp-content\/uploads\/2022\/01\/PEDRO-JOAQUIN1.jpg 700w, https:\/\/d1xxa24wwackpg.cloudfront.net\/wp-content\/uploads\/2022\/01\/PEDRO-JOAQUIN1.jpg 300w\" sizes=\"(max-width: 700px) 100vw, 700px\" \/><\/a><figcaption class=\"wp-element-caption\"><em>Pedro Joaqu\u00edn Chamorro Cardenal junto a su esposa la expresidenta Violeta Barrios. CORTESIA FAMILIA CHAMORRO BARRIOS<\/em><\/figcaption><\/figure>\n<\/div>\n\n\n<p>\u201cPJCH\u201d, como conoc\u00edan a Pedro Joaqu\u00edn Chamorro Cardenal en el mundo del periodismo por sus iniciales, tambi\u00e9n le resquebrajar\u00eda en sus entra\u00f1as ver su peri\u00f3dico cerrado, maltratado, censurado, criminalizado.<\/p>\n\n\n\n<p>Meterse con LA PRENSA es como meterse con el mismo Pedro Joaqu\u00edn, porque \u201cera su vida. Su trabajo casi no era trabajo. Era su vida manejarla y luchar contra las injusticias por ese medio\u201d, dice do\u00f1a Anita.<\/p>\n\n\n\n<p>A sus 94 a\u00f1os, a la hermana menor del periodista le ha tocado ponerse al frente de LA PRENSA. Quien lo estaba, ahora est\u00e1 en la c\u00e1rcel acusado de lavado de dinero. De hecho, Pedro Joaqu\u00edn tambi\u00e9n estar\u00eda preocupado por \u00e9l, su sobrino, Juan Lorenzo Holmann, el gerente general del diario. A su otro sobrino, Juan Sebasti\u00e1n Chamorro, tambi\u00e9n lo tendr\u00eda presente.<\/p>\n\n\n\n<p class=\"has-text-align-center\">***<\/p>\n\n\n\n<p>El pensamiento de Pedro Joaqu\u00edn Chamorro Cardenal sigue vivo, pero tambi\u00e9n perseguido. Basta con leer sus editoriales o escuchar sus discursos para saber de qu\u00e9 lado de la historia se encontrar\u00eda hoy.<\/p>\n\n\n\n<p>\u201cSer ciudadano en una democracia es muy distinto a ser s\u00fabdito en una dictadura\u201d, dec\u00eda en un editorial del 26 de noviembre de 1965.<\/p>\n\n\n\n<p>\u201c\u00bfQu\u00e9 respeto puede exigir un gobierno que no respeta la voluntad de los sufragantes? \u00bfQu\u00e9 respeto tiene derecho de exigir una minor\u00eda que impide a las mayor\u00edas emitir su opini\u00f3n a trav\u00e9s de los comicios? \u00bfNo es cierto que existen tambi\u00e9n otros partidos que no han sido legalizados por antojo del gobierno? \u00bfY no es verdad que el \u00fanico llamado de \u201coposici\u00f3n\u201d legalizado es un partido fantasma? \u00bfC\u00f3mo se puede entonces pretender que haya respeto, si no comienzan ellos por respetar el derecho de los dem\u00e1s a expresar su voluntad?\u201d, se preguntaba en el mismo editorial.<\/p>\n\n\n\n<p>El contexto no es necesariamente el mismo y palabras m\u00e1s o palabras menos, su cr\u00edtica calzar\u00eda como anillo al dedo a prop\u00f3sito de las elecciones del pasado siete de noviembre de 2021 en las que Daniel Ortega se reeligi\u00f3 por cuarta vez consecutiva sin ninguna competencia y sin ninguna garant\u00eda democr\u00e1tica.<\/p>\n\n\n\n<p>El periodista Luis S\u00e1nchez Sancho fue uno de sus amigos m\u00e1s cercanos y hasta la fecha se emociona al hablar de Pedro Joaqu\u00edn. Dice que es como su gu\u00eda, \u201ccomo mi estrella polar\u201d.<\/p>\n\n\n\n<p>\u201c\u00c9l estar\u00eda viendo con mucho dolor, con mucha amargura la situaci\u00f3n que est\u00e1 viviendo el pa\u00eds, m\u00e1xime que dos de sus hijos est\u00e1n encarcelados, uno est\u00e1 exiliado, dos sobrinos est\u00e1n encarcelados tambi\u00e9n. Lo que hay en Nicaragua no es lo que \u00e9l quer\u00eda. Estar\u00eda muy amargado\u201d, considera S\u00e1nchez Sancho.<\/p>\n\n\n\n<p>Su hermano, Jaime Chamorro Cardenal, dec\u00eda en un documental llamado \u201cPedro Joaqu\u00edn Chamorro: Ayer y hoy\u201d que al periodista \u201clo que m\u00e1s le molestaba era la mentira. Cuando le ment\u00edan era muy duro para \u00e9l\u201d.<\/p>\n\n\n\n<p>Edmundo Jarqu\u00edn fue su amigo y escribi\u00f3 una biograf\u00eda llamada \u201cPedro Joaqu\u00edn \u00a1Juega!\u201d en donde lo recuerda como \u201cfranco, bravo, agudo, testarudo, lector culto, inteligente, \u00e9tico, s\u00ed, por encima de todas las cosas, \u00e9tico, apasionado, patriota, de decisiones r\u00e1pidas: \u2013\u00a1Juega!\u2013. De argumentos cortos, punzantes y articulados; urgido \u2013\u201ctranspiraba una aureola de tensi\u00f3n y urgencia del mundo en que viv\u00eda\u201d, recuerda su hijo Carlos Fernando\u2013, caminando a zancadas, atropellando, a veces sin percatarse de cosas o de personas y por eso capaz de herir sin darse cuenta y parecer soberbio, pero humilde para disculparse despu\u00e9s\u201d.<\/p>\n\n\n<div class=\"wp-block-image\">\n<figure class=\"aligncenter\"><a href=\"https:\/\/www.laprensa.com.ni\/magazine\/wp-content\/uploads\/2018\/04\/Pedro-joaquin-Chamorro-02.jpg\"><img decoding=\"async\" width=\"700\" height=\"971\" src=\"https:\/\/www.laprensa.com.ni\/magazine\/wp-content\/uploads\/2018\/04\/Pedro-joaquin-Chamorro-02.jpg\" alt=\"\" class=\"wp-image-41854\" srcset=\"https:\/\/d1xxa24wwackpg.cloudfront.net\/wp-content\/uploads\/2018\/04\/07135616\/Pedro-joaquin-Chamorro-02.jpg 700w, https:\/\/d1xxa24wwackpg.cloudfront.net\/wp-content\/uploads\/2018\/04\/07135616\/Pedro-joaquin-Chamorro-02.jpg 216w, https:\/\/d1xxa24wwackpg.cloudfront.net\/wp-content\/uploads\/2018\/04\/07135616\/Pedro-joaquin-Chamorro-02.jpg 600w\" sizes=\"(max-width: 700px) 100vw, 700px\" \/><\/a><figcaption class=\"wp-element-caption\"><em>Esta fue la portada del 10 de enero de 1978 del diario LA PRENSA.<\/em><\/figcaption><\/figure>\n<\/div>\n\n\n<p>El sue\u00f1o de Pedro Joaqu\u00edn era que Nicaragua volviera a ser Rep\u00fablica. Pensaba que el pa\u00eds fue Rep\u00fablica una vez durante los 30 a\u00f1os conservadores, \u00e9poca en que su bisabuelo Pedro Joaqu\u00edn Chamorro Alfaro (1875 \u2013 1879) fue presidente del pa\u00eds.<\/p>\n\n\n\n<p>Seg\u00fan S\u00e1nchez Sancho, esa \u00e9poca no fue perfecta, pero hab\u00eda estabilidad, paz, respeto a las ideas ajenas y no hab\u00eda presos pol\u00edticos. \u201cSalvo cuando hab\u00eda alguna intentona armada que siempre han ocurrido en el pa\u00eds\u201d, repara.<\/p>\n\n\n\n<p>Jaime Chamorro, por su parte, cre\u00eda que su hermano nunca hubiese aceptado la forma de gobierno que sigui\u00f3 al triunfo de la Revoluci\u00f3n Sandinista y citaba a Pedro Joaqu\u00edn diciendo que \u201cSandino era nacionalista, pero nunca comunista\u201d.<\/p>\n\n\n\n<p>Tras la muerte de Pedro Joaqu\u00edn, fue do\u00f1a Violeta Barrios de Chamorro, su esposa, la que se ech\u00f3 el peso al hombro de construir la Rep\u00fablica con la que su amado siempre so\u00f1aba, donde reinara la paz, donde imperara el Estado de Derecho y el respeto al pensamiento del otro. Y lo consigui\u00f3, valora S\u00e1nchez Sancho.<\/p>\n\n\n\n<p>\u201cDo\u00f1a Violeta digamos que viv\u00eda para Pedro Joaqu\u00edn. Era una pareja muy unida, donde \u00e9l era un poco como el rey y ella siempre cuid\u00e1ndolo\u201d, dijo el yerno de ambos, Antonio Lacayo, para un reportaje de Magazine en 2007.<\/p>\n\n\n\n<p>Esa Rep\u00fablica sobrevivi\u00f3 por 16 a\u00f1os \u201ccon todas las limitaciones y obst\u00e1culos que impuso la oposici\u00f3n sandinista. Lamentablemente eso se rompi\u00f3 tras finalizar el gobierno del presidente Enrique Bola\u00f1os\u201d en 2007, con el regreso de Daniel Ortega al poder, dice S\u00e1nchez Sancho.<\/p>\n\n\n\n<p class=\"has-text-align-center\">***<\/p>\n\n\n\n<p>Ver a LA PRENSA tomada por la Polic\u00eda es \u201cun dolor espantoso\u201d, dice do\u00f1a Anita. As\u00ed es como lo hubiese sentido Pedro Joaqu\u00edn, pero tambi\u00e9n tendr\u00eda la convicci\u00f3n de que surgir\u00eda de las cenizas como \u00e9l mismo dec\u00eda en su editorial del cuatro de marzo de 1966 cuando el peri\u00f3dico cumpl\u00eda 40 a\u00f1os de existencia.<\/p>\n\n\n\n<p>\u201cLA PRENSA ha sido cerrada por las dictaduras, censurada, amenazada, demandada. Sus hombres, es decir quienes le dan vida, han perdido la libertad m\u00e1s de una vez por largo tiempo, y sus propietarios, m\u00e1s de una vez han perdido tambi\u00e9n toda LA PRENSA, todos sus haberes, por decir la verdad en ella. Pero esa verdad, dolorosa como el fuego seg\u00fan el caso, y dura como el golpe de un mazo, ha relucido siempre con tanto fulgor, con tanto empuje, que ha hecho a LA PRENSA volver a nacer de sus cenizas\u201d, dec\u00eda en su escrito.<\/p>\n\n\n\n<p>Es la primera vez que agentes armados de una dictadura permanecen en las instalaciones del edificio. LA PRENSA tampoco circula a nivel nacional y se ha limitado a su publicaci\u00f3n digital hecha pr\u00e1cticamente desde la clandestinidad.<\/p>\n\n\n<div class=\"wp-block-image\">\n<figure class=\"aligncenter\"><a href=\"https:\/\/www.laprensa.com.ni\/magazine\/wp-content\/uploads\/2022\/01\/hijos-de-PJCH.jpeg\"><img decoding=\"async\" width=\"1024\" height=\"683\" src=\"https:\/\/www.laprensa.com.ni\/magazine\/wp-content\/uploads\/2022\/01\/hijos-de-PJCH.jpeg\" alt=\"\" class=\"wp-image-55269\" srcset=\"https:\/\/d1xxa24wwackpg.cloudfront.net\/wp-content\/uploads\/2022\/01\/hijos-de-PJCH.jpeg 1024w, https:\/\/d1xxa24wwackpg.cloudfront.net\/wp-content\/uploads\/2022\/01\/hijos-de-PJCH.jpeg 300w, https:\/\/d1xxa24wwackpg.cloudfront.net\/wp-content\/uploads\/2022\/01\/hijos-de-PJCH.jpeg 768w\" sizes=\"(max-width: 1024px) 100vw, 1024px\" \/><\/a><figcaption class=\"wp-element-caption\"><em>Carlos Fernando, Pedro Joaqu\u00edn y Cristiana Chamorro Barrios. Los tres hijos de Pedro Joaqu\u00edn Chamorro Cardenal perseguidos por Daniel Ortega. ARCHIVO<\/em><\/figcaption><\/figure>\n<\/div>\n\n\n<p>LA PRENSA fue fundada en 1926 por el escritor Gabry Rivas y los hermanos Enrique y Pedro Belli. Posteriormente fue comprada por Pedro Joaqu\u00edn Chamorro Zelaya y tras su muerte, su hijo Pedro Joaqu\u00edn Chamorro Cardenal asumi\u00f3 la direcci\u00f3n del peri\u00f3dico. Pero desde antes ya colaboraba seg\u00fan cuenta en su libro \u201cEstirpe Sangrienta: Los Somoza\u201d.<\/p>\n\n\n\n<p>\u201cRegres\u00e9 a Nicaragua en 1948, a colaborar con mi padre en la publicaci\u00f3n de La Prensa e introduje en la modest\u00edsima empresa que la editaba innovaciones gr\u00e1ficas, mejores medios de impresi\u00f3n y una organizaci\u00f3n totalmente distinta\u201d, apunta el periodista.<\/p>\n\n\n\n<p>Edmundo Jarqu\u00edn en su libro biogr\u00e1fico, explica el cambio que llev\u00f3 el m\u00e1rtir de las libertades p\u00fablicas a LA PRENSA. \u201cInvestigativo, acucioso y hasta sensacionalista a veces; antiolig\u00e1rquico, social y anticomunista. Y, desde luego, frontal en su lucha contra la dictadura. Ese es el peri\u00f3dico que Pedro construy\u00f3 a inicios de los a\u00f1os cincuenta, cuando a\u00fan no arribaba a los treinta a\u00f1os de edad\u201d.<\/p>\n\n\n\n<p>Tras la muerte de Chamorro Zelaya en 1951, su hijo mayor asume la direcci\u00f3n del peri\u00f3dico hasta el d\u00eda de su muerte, el 10 de enero de 1978. \u201cYa nada volver\u00eda a ser igual en mi pa\u00eds y en mi vida\u201d dice Violeta Barrios de Chamorro en su libro de memorias Sue\u00f1os del Coraz\u00f3n.<\/p>\n\n\n\n<p>El asesinato de Pedro Joaqu\u00edn a mano de sicarios armados en plena luz del d\u00eda provoc\u00f3 una condena internacional a la dictadura de Somoza y, para muchos, el principio del fin de su r\u00e9gimen. \u201cLo que no pudo lograr en vida, lo logr\u00f3 con su muerte\u201d, escribir\u00eda el periodista Bernard Diederich, en la revista Time.<\/p>\n\n\n\n<p>El d\u00eda de su funeral las calles se inundaron de nicarag\u00fcenses llorando a Pedro Joaqu\u00edn. En sus memorias, Violeta Barrios de Chamorro relata que ella esperaba que el funeral fuera m\u00e1s bien un evento privado y familiar, pero se dio cuenta de que su esposo era un s\u00edmbolo para todo el pa\u00eds.<\/p>\n\n\n<div class=\"wp-block-image\">\n<figure class=\"aligncenter\"><a href=\"https:\/\/www.laprensa.com.ni\/magazine\/wp-content\/uploads\/2022\/01\/PEDRO-JOAQUI\u0301N-Y-EDMUNDO-JARQUI\u0301N.jpg\"><img loading=\"lazy\" decoding=\"async\" width=\"700\" height=\"1001\" src=\"https:\/\/www.laprensa.com.ni\/magazine\/wp-content\/uploads\/2022\/01\/PEDRO-JOAQUI\u0301N-Y-EDMUNDO-JARQUI\u0301N.jpg\" alt=\"\" class=\"wp-image-55273\" srcset=\"https:\/\/d1xxa24wwackpg.cloudfront.net\/wp-content\/uploads\/2022\/01\/PEDRO-JOAQUI%CC%81N-Y-EDMUNDO-JARQUI%CC%81N.jpg 700w, https:\/\/d1xxa24wwackpg.cloudfront.net\/wp-content\/uploads\/2022\/01\/PEDRO-JOAQUI%CC%81N-Y-EDMUNDO-JARQUI%CC%81N.jpg 210w\" sizes=\"(max-width: 700px) 100vw, 700px\" \/><\/a><figcaption class=\"wp-element-caption\"><em>Esta fue la \u00faltima fotograf\u00eda que le tomaron a Pedro Joaqu\u00edn Chamorro dos d\u00edas antes de su muerte. Aparece junto a su amigo y yerno Edmundo Jarqu\u00edn. CORTESIA<\/em><\/figcaption><\/figure>\n<\/div>\n\n\n<p>Para S\u00e1nchez Sancho lo sigue siendo y por eso, de vez en cuando, consulta sus editoriales pues, aunque sean de la \u00e9poca de los sesenta y setenta \u201ctienen una validez extraordinaria, impresionante\u201d.<\/p>\n\n\n\n<p>Por ejemplo, estas l\u00edneas sobre la paz y la justicia que se leen en el editorial del 22 de enero de 1967. \u201cLa paz es una consecuencia de la justicia. No hay pues paz sin justicia, ni puede producirse la paz apaleando a quienes claman justicia\u201d.<\/p>\n\n\n\n<p>Hasta a los opositores les dej\u00f3 unas l\u00edneas. \u201cEs necesario agotar todos los recursos para lograr la unidad de la oposici\u00f3n, y ya es hora de comenzar a poner en juego soluciones pr\u00e1cticas para constituir una gran alianza, que evite la continuaci\u00f3n vergonzosa, del fen\u00f3meno din\u00e1stico en el poder p\u00fablico nicarag\u00fcense\u201d, dec\u00eda en su editorial del 8 de septiembre de 1966.<\/p>\n\n\n\n<p>\u201cPara que sea factible esa gran Alianza \u2013 contin\u00faa en su escrito \u2013 deben producirse sacrificios, revisiones, reconsideraciones de todo g\u00e9nero, y sobre todo sopesar con frialdad las realidades del pa\u00eds. Quienes no pueden unir a la oposici\u00f3n, porque han contribuido con sus errores a desunirla, deben de comprender c\u00f3mo, si persisten en su terquedad, en su soberbia, cosechar\u00e1n los peores frutos, para todos. Quienes pueden contribuir a la unificaci\u00f3n, pero est\u00e1n actuando con frieza, por prudencia, o por desilusi\u00f3n, deben hacer un \u00faltimo esfuerzo, y buscar soluciones pr\u00e1cticas y honorables capaces de lograr la alianza\u201d.<\/p>\n\n\n\n<p>Estos son los pensamientos que Pedro Joaqu\u00edn dej\u00f3 impresos en el diario LA PRENSA y con los que enfrent\u00f3 a la dictadura de los Somoza. El peri\u00f3dico era su trinchera y su arma era su pluma. Para quienes lo conocieron era impensable separar al hombre del diario.<\/p>\n\n\n\n<p>\u201cPedro Joaqu\u00edn Chamorro cuid\u00f3 a su prensa como cuidar la ni\u00f1a de sus ojos\u201d, dijo el periodista Danilo Aguirre en el documental \u201cPedro Joaqu\u00edn Chamorro: Ayer y hoy\u201d, en donde tambi\u00e9n dio declaraciones el periodista deportivo Edgard Tijerino. \u201cNo cre\u00eda uno que pod\u00eda existir LA PRENSA sin Pedro Joaqu\u00edn, o Pedro Joaqu\u00edn sin LA PRENSA. Eran parte de un todo. Uno mismo\u201d, coment\u00f3 Tijerino.<\/p>\n\n\n<div class=\"wp-block-image\">\n<figure class=\"aligncenter\"><a href=\"https:\/\/www.laprensa.com.ni\/magazine\/wp-content\/uploads\/2022\/01\/OFICINA-DE-PEDRO-JOAQUI\u0301N-CHAMORRO.jpg\"><img loading=\"lazy\" decoding=\"async\" width=\"700\" height=\"467\" src=\"https:\/\/www.laprensa.com.ni\/magazine\/wp-content\/uploads\/2022\/01\/OFICINA-DE-PEDRO-JOAQUI\u0301N-CHAMORRO.jpg\" alt=\"\" class=\"wp-image-55270\" srcset=\"https:\/\/d1xxa24wwackpg.cloudfront.net\/wp-content\/uploads\/2022\/01\/OFICINA-DE-PEDRO-JOAQUI%CC%81N-CHAMORRO.jpg 700w, https:\/\/d1xxa24wwackpg.cloudfront.net\/wp-content\/uploads\/2022\/01\/OFICINA-DE-PEDRO-JOAQUI%CC%81N-CHAMORRO.jpg 300w\" sizes=\"(max-width: 700px) 100vw, 700px\" \/><\/a><figcaption class=\"wp-element-caption\"><em>Esta era la oficina donde Pedro Joaqu\u00edn se pon\u00eda en las tardes a \u00abpolitiquear\u00bb con sus amigos y colegas. MAGAZINE\/\u00d3scar Navarrete<\/em><\/figcaption><\/figure>\n<\/div>\n\n\n<p class=\"has-text-align-center\">***<\/p>\n\n\n\n<p>Curiosamente, fue en 1980, bajo el gobierno sandinista de la \u00e9poca, en que Pedro Joaqu\u00edn Chamorro Cardenal fue declarado M\u00e1rtir de las Libertades P\u00fablicas, pero su peri\u00f3dico y su pensamiento tambi\u00e9n fue censurado y perseguido en ese entonces. Incluso su esposa, ninguneada y violentada a como relata en sus memorias.<\/p>\n\n\n\n<p>En 2012, cuando Daniel Ortega estaba de vuelta en el poder, la Asamblea Nacional lo proclam\u00f3 como H\u00e9roe Nacional de Nicaragua. \u201cPedro tiene los m\u00e9ritos para estar en esa galer\u00eda de hombres que pensaron en Nicaragua, que pensaron en la patria y que murieron por la patria\u201d, dijo el diputado sandinista Edwin Castro en aquella ocasi\u00f3n.<\/p>\n\n\n\n<p>Incluso el Ej\u00e9rcito de Nicaragua, cuyo l\u00edder supremo es Daniel Ortega, ha rendido homenaje a Pedro Joaqu\u00edn en los \u00faltimos a\u00f1os a trav\u00e9s de videos difundidos en los canales oficiales de la instituci\u00f3n castrense. El \u00faltimo video que circul\u00f3 fue en 2021.<\/p>\n\n\n\n<p>Pero, de cualquier modo, si el doctor Pedro Joaqu\u00edn Chamorro Cardenal estuviese con vida, estar\u00eda siendo perseguido, porque \u00e9l representa todo lo que Daniel Ortega persigue y pretende destruir.<\/p>\n\n\n\n<p>Se le recuerda como padre, esposo, periodista, empresario, pol\u00edtico, torero, navegante, deportista, dem\u00f3crata, pensador, \u201cchichicaste\u201d como dec\u00eda do\u00f1a Violeta Barrios. \u201cHay que ser consecuentes entre el dicho y el hecho. Entre lo que uno piensa y lo que hace\u201d, le dec\u00eda Pedro Joaqu\u00edn a su hijo mayor que lleva el mismo nombre y que hoy est\u00e1 en una celda de El Chipote, seg\u00fan consta en un relato que dio el hoy preso pol\u00edtico a LA PRENSA en 2017<\/p>\n\n\n\n<p>En ese reportaje, su otra hija, Claudia, recuerda a su padre como una persona \u00abmuy conservadora en t\u00e9rminos de valores, pero muy liberal en cuanto a ideas sociales, lo que quer\u00eda para la sociedad\u201d.<\/p>\n\n\n\n<p>En el documental sobre su vida, el primo de Pedro Joaqu\u00edn, el poeta Ernesto Cardenal dice que desde muy joven era alguien con rebeld\u00eda, \u201cpero sobre todo rebeld\u00eda pol\u00edtica\u201d contra los Somoza. \u201cOdiaba el servilismo\u201d, agrega Ar\u00edstides Somarriba, excompa\u00f1ero de clases del periodista.<\/p>\n\n\n\n<p>\u201cEra conservador, pero en materia social, \u00e9l era un socialdem\u00f3crata. \u00c9l no aceptaba las rigideces ni las exageraciones ideol\u00f3gicas de la extrema izquierda, pero tampoco aceptaba la falta de consciencia del capitalismo grosero sin sentido humano\u201d lo recordaba Arturo Cruz Porras.<\/p>\n\n\n<div class=\"wp-block-image\">\n<figure class=\"aligncenter\"><a href=\"https:\/\/www.laprensa.com.ni\/magazine\/wp-content\/uploads\/2022\/01\/714-Dom-Reportajephoto21-1024x656-1.jpg\"><img loading=\"lazy\" decoding=\"async\" width=\"1024\" height=\"656\" src=\"https:\/\/www.laprensa.com.ni\/magazine\/wp-content\/uploads\/2022\/01\/714-Dom-Reportajephoto21-1024x656-1.jpg\" alt=\"\" class=\"wp-image-55272\" srcset=\"https:\/\/d1xxa24wwackpg.cloudfront.net\/wp-content\/uploads\/2022\/01\/714-Dom-Reportajephoto21-1024x656-1.jpg 1024w, https:\/\/d1xxa24wwackpg.cloudfront.net\/wp-content\/uploads\/2022\/01\/714-Dom-Reportajephoto21-1024x656-1.jpg 300w, https:\/\/d1xxa24wwackpg.cloudfront.net\/wp-content\/uploads\/2022\/01\/714-Dom-Reportajephoto21-1024x656-1.jpg 768w\" sizes=\"(max-width: 1024px) 100vw, 1024px\" \/><\/a><figcaption class=\"wp-element-caption\"><em>Pedro Joaqu\u00edn Chamorro Cardenal junto a otros periodistas en su casa. En la foto aparece Rosario Murillo, quien fue asistente del periodista. LA PRENSA.<\/em><\/figcaption><\/figure>\n<\/div>\n\n\n<p>En uno de sus \u00faltimos discursos p\u00fablicos, en diciembre de 1977, en Chinandega, d\u00edas antes de que lo mataran, Pedro Joaqu\u00edn dej\u00f3 claro lo que quer\u00eda para Nicaragua.<\/p>\n\n\n\n<p>\u201cCompatriotas, somos todos los nicarag\u00fcenses, todo el espectro pol\u00edtico nacional es el que tiene que enfrentarse a este monstruo y el que tiene que resolver el problema de esta naci\u00f3n que es volver a crear una Rep\u00fablica. Una Rep\u00fablica en donde est\u00e9n representados todos los sectores. Una Rep\u00fablica en donde est\u00e9n los empresarios como tambi\u00e9n el obrero, en donde gobierne el obrero y en donde gobierne el empresario. Una Rep\u00fablica en donde todas las ideolog\u00edas est\u00e9n representadas y sean discutidas, desde la ideolog\u00eda conservadora, pasando por la liberal y hasta la ideolog\u00eda comunista\u201d. Esas fueron sus palabras que siguen vigentes al d\u00eda de hoy.<\/p>\n\n\n\n<p>Este 10 de enero de 2022, Daniel Ortega se pondr\u00e1 la banda presidencial por cuarta vez consecutiva reafirmando as\u00ed su voluntad de someter al pa\u00eds en una dictadura. Mientras, Pedro Joaqu\u00edn Chamorro Cardenal continuar\u00e1 esperando desde su tumba que su amada Nicaragua vuelva a ser Rep\u00fablica.<\/p>\n","protected":false},"excerpt":{"rendered":"<p>A pesar de que en el primer gobierno sandinista fue declarado m\u00e1rtir y durante el r\u00e9gimen de Ortega se le design\u00f3 \u201ch\u00e9roe nacional\u201d, todo lo que Pedro Joaqu\u00edn Chamorro Cardenal representa est\u00e1 siendo perseguido y encarcelado por esta nueva dictadura<\/p>\n","protected":false},"author":5306,"featured_media":55274,"comment_status":"open","ping_status":"open","sticky":false,"template":"","format":"standard","meta":{"_acf_changed":false,"footnotes":""},"categories":[26],"tags":[183,415,4818],"class_list":["post-55264","post","type-post","status-publish","format-standard","has-post-thumbnail","hentry","category-reportajes","tag-daniel-ortega","tag-la-prensa","tag-pedro-joaquin-chamorro-cardenal"],"acf":[],"_links":{"self":[{"href":"https:\/\/staging.laprensanic.com\/magazine\/wp-json\/wp\/v2\/posts\/55264","targetHints":{"allow":["GET"]}}],"collection":[{"href":"https:\/\/staging.laprensanic.com\/magazine\/wp-json\/wp\/v2\/posts"}],"about":[{"href":"https:\/\/staging.laprensanic.com\/magazine\/wp-json\/wp\/v2\/types\/post"}],"author":[{"embeddable":true,"href":"https:\/\/staging.laprensanic.com\/magazine\/wp-json\/wp\/v2\/users\/5306"}],"replies":[{"embeddable":true,"href":"https:\/\/staging.laprensanic.com\/magazine\/wp-json\/wp\/v2\/comments?post=55264"}],"version-history":[{"count":6,"href":"https:\/\/staging.laprensanic.com\/magazine\/wp-json\/wp\/v2\/posts\/55264\/revisions"}],"predecessor-version":[{"id":58155,"href":"https:\/\/staging.laprensanic.com\/magazine\/wp-json\/wp\/v2\/posts\/55264\/revisions\/58155"}],"wp:featuredmedia":[{"embeddable":true,"href":"https:\/\/staging.laprensanic.com\/magazine\/wp-json\/wp\/v2\/media\/55274"}],"wp:attachment":[{"href":"https:\/\/staging.laprensanic.com\/magazine\/wp-json\/wp\/v2\/media?parent=55264"}],"wp:term":[{"taxonomy":"category","embeddable":true,"href":"https:\/\/staging.laprensanic.com\/magazine\/wp-json\/wp\/v2\/categories?post=55264"},{"taxonomy":"post_tag","embeddable":true,"href":"https:\/\/staging.laprensanic.com\/magazine\/wp-json\/wp\/v2\/tags?post=55264"}],"curies":[{"name":"wp","href":"https:\/\/api.w.org\/{rel}","templated":true}]}}