{"id":56215,"date":"2023-02-05T00:15:45","date_gmt":"2023-02-05T06:15:45","guid":{"rendered":"https:\/\/www.laprensani.com\/magazine\/?p=56215"},"modified":"2023-12-19T14:11:40","modified_gmt":"2023-12-19T20:11:40","slug":"la-asonada-de-daniel-ortega-en-que-asesinaron-al-comandante-saul-alvarez","status":"publish","type":"post","link":"https:\/\/staging.laprensanic.com\/magazine\/reportajes\/la-asonada-de-daniel-ortega-en-que-asesinaron-al-comandante-saul-alvarez\/","title":{"rendered":"La asonada de Daniel Ortega en que asesinaron al comandante Sa\u00fal \u00c1lvarez"},"content":{"rendered":"<meta http-equiv=\"Content-Type\" content=\"text\/html; charset=utf-8\">\n","protected":false},"excerpt":{"rendered":"<p>Tres razones se confabularon para la muerte del jefe policial: ese d\u00eda trabajaba, a pesar que estaba de vacaciones; fue infructuosa la misi\u00f3n de despejar la Carretera Norte para que circulara la presidenta Violeta Barrios de Chamorro y, el hombre que le dispar\u00f3, lo conoc\u00eda bien porque hab\u00eda sido su subordinado en la Seguridad del Estado<\/p>\n","protected":false},"author":4,"featured_media":56268,"comment_status":"open","ping_status":"open","sticky":false,"template":"","format":"standard","meta":{"_acf_changed":false,"footnotes":""},"categories":[26],"tags":[183,4856],"class_list":["post-56215","post","type-post","status-publish","format-standard","has-post-thumbnail","hentry","category-reportajes","tag-daniel-ortega","tag-saul-alvarez"],"acf":[],"_links":{"self":[{"href":"https:\/\/staging.laprensanic.com\/magazine\/wp-json\/wp\/v2\/posts\/56215","targetHints":{"allow":["GET"]}}],"collection":[{"href":"https:\/\/staging.laprensanic.com\/magazine\/wp-json\/wp\/v2\/posts"}],"about":[{"href":"https:\/\/staging.laprensanic.com\/magazine\/wp-json\/wp\/v2\/types\/post"}],"author":[{"embeddable":true,"href":"https:\/\/staging.laprensanic.com\/magazine\/wp-json\/wp\/v2\/users\/4"}],"replies":[{"embeddable":true,"href":"https:\/\/staging.laprensanic.com\/magazine\/wp-json\/wp\/v2\/comments?post=56215"}],"version-history":[{"count":21,"href":"https:\/\/staging.laprensanic.com\/magazine\/wp-json\/wp\/v2\/posts\/56215\/revisions"}],"predecessor-version":[{"id":57942,"href":"https:\/\/staging.laprensanic.com\/magazine\/wp-json\/wp\/v2\/posts\/56215\/revisions\/57942"}],"wp:featuredmedia":[{"embeddable":true,"href":"https:\/\/staging.laprensanic.com\/magazine\/wp-json\/wp\/v2\/media\/56268"}],"wp:attachment":[{"href":"https:\/\/staging.laprensanic.com\/magazine\/wp-json\/wp\/v2\/media?parent=56215"}],"wp:term":[{"taxonomy":"category","embeddable":true,"href":"https:\/\/staging.laprensanic.com\/magazine\/wp-json\/wp\/v2\/categories?post=56215"},{"taxonomy":"post_tag","embeddable":true,"href":"https:\/\/staging.laprensanic.com\/magazine\/wp-json\/wp\/v2\/tags?post=56215"}],"curies":[{"name":"wp","href":"https:\/\/api.w.org\/{rel}","templated":true}]}}