{"id":57197,"date":"2023-11-05T08:31:38","date_gmt":"2023-11-05T14:31:38","guid":{"rendered":"https:\/\/www.laprensani.com\/magazine\/?p=57197"},"modified":"2023-12-18T12:39:34","modified_gmt":"2023-12-18T18:39:34","slug":"gregorio-selser-biografia-sandino-sandinistas","status":"publish","type":"post","link":"https:\/\/staging.laprensanic.com\/magazine\/reportajes\/gregorio-selser-biografia-sandino-sandinistas\/","title":{"rendered":"Selser: el escritor argentino que descubri\u00f3 a Sandino"},"content":{"rendered":"<meta http-equiv=\"Content-Type\" content=\"text\/html; charset=utf-8\">\n","protected":false},"excerpt":{"rendered":"<p>Escribi\u00f3 la biograf\u00eda m\u00e1s completa sobre el rebelde e inspir\u00f3 a Carlos Fonseca a ponerle el apellido sandinista al movimiento guerrillero que fund\u00f3 a principios de los a\u00f1os sesenta. Selser muri\u00f3 en 1991, desencantado con la revoluci\u00f3n sandinista<\/p>\n","protected":false},"author":4,"featured_media":57201,"comment_status":"open","ping_status":"open","sticky":false,"template":"","format":"standard","meta":{"_acf_changed":false,"footnotes":""},"categories":[26],"tags":[501,4831],"class_list":["post-57197","post","type-post","status-publish","format-standard","has-post-thumbnail","hentry","category-reportajes","tag-augusto-c-sandino","tag-gregorio-selser"],"acf":[],"_links":{"self":[{"href":"https:\/\/staging.laprensanic.com\/magazine\/wp-json\/wp\/v2\/posts\/57197","targetHints":{"allow":["GET"]}}],"collection":[{"href":"https:\/\/staging.laprensanic.com\/magazine\/wp-json\/wp\/v2\/posts"}],"about":[{"href":"https:\/\/staging.laprensanic.com\/magazine\/wp-json\/wp\/v2\/types\/post"}],"author":[{"embeddable":true,"href":"https:\/\/staging.laprensanic.com\/magazine\/wp-json\/wp\/v2\/users\/4"}],"replies":[{"embeddable":true,"href":"https:\/\/staging.laprensanic.com\/magazine\/wp-json\/wp\/v2\/comments?post=57197"}],"version-history":[{"count":7,"href":"https:\/\/staging.laprensanic.com\/magazine\/wp-json\/wp\/v2\/posts\/57197\/revisions"}],"predecessor-version":[{"id":57781,"href":"https:\/\/staging.laprensanic.com\/magazine\/wp-json\/wp\/v2\/posts\/57197\/revisions\/57781"}],"wp:featuredmedia":[{"embeddable":true,"href":"https:\/\/staging.laprensanic.com\/magazine\/wp-json\/wp\/v2\/media\/57201"}],"wp:attachment":[{"href":"https:\/\/staging.laprensanic.com\/magazine\/wp-json\/wp\/v2\/media?parent=57197"}],"wp:term":[{"taxonomy":"category","embeddable":true,"href":"https:\/\/staging.laprensanic.com\/magazine\/wp-json\/wp\/v2\/categories?post=57197"},{"taxonomy":"post_tag","embeddable":true,"href":"https:\/\/staging.laprensanic.com\/magazine\/wp-json\/wp\/v2\/tags?post=57197"}],"curies":[{"name":"wp","href":"https:\/\/api.w.org\/{rel}","templated":true}]}}