{"id":58491,"date":"2024-01-02T09:12:37","date_gmt":"2024-01-02T15:12:37","guid":{"rendered":"https:\/\/magazine.laprensanic.com\/?p=58491"},"modified":"2024-01-02T09:12:38","modified_gmt":"2024-01-02T15:12:38","slug":"el-origen-de-la-griteria-en-nicaragua","status":"publish","type":"post","link":"https:\/\/staging.laprensanic.com\/magazine\/reportajes\/el-origen-de-la-griteria-en-nicaragua\/","title":{"rendered":"El origen de La Griter\u00eda en Nicaragua"},"content":{"rendered":"\n<p>Una depresi\u00f3n tropical impidi\u00f3 el viaje de un peregrino a su paso por Nicaragua, camino a Per\u00fa. Se refugi\u00f3 en la iglesia de los Franciscanos, en El Viejo, Chinandega, entonces llamado Chamulpa, junto a la imagen de la Virgen que cargaba. Esto despert\u00f3 curiosidad entre los pobladores ind\u00edgenas y mestizos que quedaron maravillados por la belleza de la Ni\u00f1a Blanca. El peregrino, junto a la imagen, emprendi\u00f3 nuevamente el viaje, pero otra vez fueron azotados por otra tormenta. La embarcaci\u00f3n en que viajaba fue obligada a regresar al puerto de El Realejo para evitar el naufragio.<\/p>\n\n\n\n<p>Los pobladores de Chamulpa interpretaron que la Virgen no quer\u00eda irse del pueblo y ped\u00eda permanecer en Nicaragua. El peregrino acept\u00f3 la petici\u00f3n popular y desde entonces permanece en su santuario nacional en la bas\u00edlica menor de El Viejo.<\/p>\n\n\n\n<p>Muchos a\u00f1os despu\u00e9s empezar\u00eda la celebraci\u00f3n de La Griter\u00eda en Nicaragua, la cual se remonta al a\u00f1o 1742 en la iglesia de San Francisco de la ciudad de Le\u00f3n. Desde entonces cada 5 de diciembre la virgen es bajada para su tradicional vestida, el 6 de diciembre es la tradicional Lavada de La Plata que concluye con serenatas toda la noche esperando las primeras horas del 7 de diciembre que se celebra la tradicional \u201cGriter\u00eda\u201d.<\/p>\n\n\n\n<p>El 7 de diciembre de 1857 monse\u00f1or Gordiano Carranza de la iglesia San Felipe, tambi\u00e9n de Le\u00f3n, inst\u00f3 a la feligres\u00eda cat\u00f3lica a que levantaran altares en sus viviendas y visitar casa a casa para rezar, cantar y gritar a la Virgen Mar\u00eda y su Inmaculada Concepci\u00f3n, desde entonces naci\u00f3 la tradici\u00f3n de La Griter\u00eda.<\/p>\n\n\n\n<p>Esta tradici\u00f3n de celebrar a la Pur\u00edsima Concepci\u00f3n de Mar\u00eda cada siete de diciembre pas\u00f3 a celebrarse tambi\u00e9n en la ciudad de Granada, Masaya, y posteriormente a toda Nicaragua. La tradici\u00f3n cat\u00f3lica de La Novena en honor a la Virgen Mar\u00eda se reza congregando grupos de personas en templos y casas particulares durante nueve d\u00edas seguidos orando y entonando cantos dedicados a la alabanza de la Virgen que concluyen con la tradicional Griter\u00eda.<\/p>\n\n\n\n<p>Todos los siete de agosto de cada a\u00f1o se celebra la famosa \u201cGriter\u00eda Chiquita\u201d que tiene su origen en la \u201cGriter\u00eda de Penitencia\u201d que se inici\u00f3 por la erupci\u00f3n del volc\u00e1n Cerro Negro en julio de 1947. Esta promesa hecha por el obispo Isidro Augusto Oviedo y Reyes consisti\u00f3 en sacar en procesi\u00f3n a la Virgen Mar\u00eda desde Le\u00f3n hasta las cercan\u00edas del volc\u00e1n para que cesaran las tormentas de arena y cenizas que ca\u00edan sobre la ciudad. El fen\u00f3meno natural dejo su actividad eruptiva el 14 de agosto de ese a\u00f1o.<\/p>\n\n\n\n<p>Los cantos a la Inmaculada Concepci\u00f3n de Mar\u00eda que se entonan en las pur\u00edsimas y griter\u00edas fueron compuestos y musicalizados por Alejandro Vega Matus de Masaya. Entre sus composiciones destacan Salve Azucena Divina, Por eso el cristianismo, Toda Hermosa Eres Mar\u00eda, Tu Gloria, Tu Gloria.<\/p>\n\n\n\n<p>Otras composiciones a la Virgen que se cantan desde anta\u00f1o son Dulces Himnos, Oh Virgen de Concepci\u00f3n, Salve, salve cantando a Mar\u00eda, Sagrada reina del cielo, Con dulces acentos, Salve Virgen Bella, Sale al mundo con grata sonrisa, Del cielo ha bajado, Adi\u00f3s Reina del Cielo, entre otros temas tradicionales.<\/p>\n\n\n\n<p>El d\u00eda 6 de diciembre concluye la novena de rezos a la Virgen Mar\u00eda y al d\u00eda siguiente a las seis en punto de la tarde, en el ocaso del d\u00eda el cielo se ilumina con juegos pirot\u00e9cnicos para dar inicio a la tradicional \u201cGriter\u00eda\u201d que es un derroche de fe, cantos y romer\u00edas en todas las calles de Nicaragua, donde hay un altar a la Virgen adornado con flores y palmeras naturales, telas que se usan como cortinas y la quema de incienso que aromatiza todo el altar a la espera de que los feligreses entren al grito de \u00bfQui\u00e9n Causa Tanta Alegr\u00eda? y los due\u00f1os de casa responden: \u00a1La Concepci\u00f3n de Mar\u00eda!<\/p>\n\n\n\n<p>En medio de esos cantos se reparte la tradicional gorra, un brindis que se ofrece como tradici\u00f3n y promesa cada a\u00f1o a la Virgen. Entre los productos tradicionales que se obsequian est\u00e1n los gofios de pinolillo, limones y naranjas dulces, ca\u00f1as de az\u00facar, bananos, nacatamales, indio viejo, vigor\u00f3n, huevos chimbos, cajetas, ayote en miel servidos en comalitos de barro, chicha de ma\u00edz, nancite encurtido, matracas, indios, pitos, chischiles, maromeros, escobitas, canastitas y abanicos de palma entre otros.<\/p>\n\n\n\n<p>En los a\u00f1os ochenta se empez\u00f3 con productos no tradicionales como manzanas, uvas, envases de pl\u00e1sticos, ropa para ni\u00f1os, juguetes, pa\u00f1oletas, toallitas, escobas, baldes, sopas instant\u00e1neas, caf\u00e9, cajetillas de cerillos, arroz, frijoles, aceites, y m\u00e1s. Estos productos contribuyen a la alimentaci\u00f3n de los hogares de las familias nicarag\u00fcenses.<\/p>\n\n\n\n<p>La fiesta de la griter\u00eda concluye hasta las doce de la noche cerrando la celebraci\u00f3n con mucha p\u00f3lvora como cargas cerradas, morteros, toros encohetados, cuetes, juegos de luces pirot\u00e9cnicas y se dedica un rezo al pie de los altares celebrando a la patrona de todos los nicarag\u00fcenses, La Inmaculada Concepci\u00f3n de Mar\u00eda.<\/p>\n\n\n\n<p>La dictadura de Daniel Ortega y Rosario Murillo prohibi\u00f3 el 22 de noviembre todas las procesiones en honor a la Inmaculada Concepci\u00f3n de Mar\u00eda. Tambi\u00e9n se prohibieron todas las actividades marianas en las afueras de los templos. La parroquia Sagrado Coraz\u00f3n de Jes\u00fas de Monse\u00f1or Lezcano, sin explicar los motivos, anunci\u00f3 que \u201ceste a\u00f1o nuestra Madre no recorrer\u00e1 nuestros distintos sectores\u201d y llam\u00f3 a los fieles a \u201ccelebrarla con amor dentro de nuestra parroquia\u201d.<\/p>\n\n\n<div class=\"wp-block-image\">\n<figure class=\"aligncenter\"><a href=\"https:\/\/d1xxa24wwackpg.cloudfront.net\/wp-content\/uploads\/2023\/12\/FOTO1-23-scaled.jpg\"><img decoding=\"async\" src=\"https:\/\/d1xxa24wwackpg.cloudfront.net\/wp-content\/uploads\/2023\/12\/FOTO1-23-1024x676.jpg\" alt=\"\" class=\"wp-image-57261\"\/><\/a><figcaption class=\"wp-element-caption\">Imagen de la Inmaculada Concepci\u00f3n de Mar\u00eda en su trono de la bas\u00edlica menor en su santuario de El Viejo. Este altar mayor est\u00e1 compuesto de madera y aujilla de oro. El templo fue construido en el siglo XVII y la imagen ha permanecido desde el a\u00f1o de 1562. Foto por: \u00d3scar Navarrete\/ MAGAZINE<\/figcaption><\/figure>\n<\/div>\n\n<div class=\"wp-block-image\">\n<figure class=\"aligncenter\"><a href=\"https:\/\/d1xxa24wwackpg.cloudfront.net\/wp-content\/uploads\/2023\/12\/FOTO2-19-scaled.jpg\"><img decoding=\"async\" src=\"https:\/\/d1xxa24wwackpg.cloudfront.net\/wp-content\/uploads\/2023\/12\/FOTO2-19-1024x680.jpg\" alt=\"\"\/><\/a><figcaption class=\"wp-element-caption\">Celebraci\u00f3n de la Virgen Mar\u00eda en la ciudad de Granada donde la tradici\u00f3n es muy diferente al resto de Nicaragua. Los 28 de noviembre la imagen es bajada de su trono y recorre las principales calles de la ciudad donde se levantan hermosos altares. En esta ciudad no se acostumbra dar brindis o la famosa gorra, si no que se dan actos de fe y devoci\u00f3n que vienen celebrando desde que la imagen apareci\u00f3 flotando dentro de un cofre de madera en el lago Cocibolca, en el a\u00f1o de 1721. Este a\u00f1o esta tradici\u00f3n fue cancelada por los dictadores as\u00ed como toda procesi\u00f3n o celebraci\u00f3n catolica, obligando a que sean dentro de los templos. Foto por: \u00d3scar Navarrete\/ MAGAZINE<\/figcaption><\/figure>\n<\/div>\n\n<div class=\"wp-block-image\">\n<figure class=\"aligncenter\"><a href=\"https:\/\/d1xxa24wwackpg.cloudfront.net\/wp-content\/uploads\/2023\/12\/FOTO3-24-scaled.jpg\"><img decoding=\"async\" src=\"https:\/\/d1xxa24wwackpg.cloudfront.net\/wp-content\/uploads\/2023\/12\/FOTO3-24-1024x680.jpg\" alt=\"\"\/><\/a><figcaption class=\"wp-element-caption\">Feligreses cat\u00f3licos de Le\u00f3n esperan su gorra durante la griter\u00eda, tradici\u00f3n a la inmaculada concepci\u00f3n de Mar\u00eda que naci\u00f3 en esta ciudad en la iglesia de San Felipe en el a\u00f1o de 1857. Foto por: \u00d3scar Navarrete \/ MAGAZINE<\/figcaption><\/figure>\n<\/div>\n\n<div class=\"wp-block-image\">\n<figure class=\"aligncenter\"><a href=\"https:\/\/d1xxa24wwackpg.cloudfront.net\/wp-content\/uploads\/2023\/12\/FOTO4-22-scaled.jpg\"><img decoding=\"async\" src=\"https:\/\/d1xxa24wwackpg.cloudfront.net\/wp-content\/uploads\/2023\/12\/FOTO4-22-1024x680.jpg\" alt=\"\"\/><\/a><figcaption class=\"wp-element-caption\">Bendici\u00f3n del agua con la Corona de la Virgen, tradici\u00f3n que consiste en que el sacerdote sumerge la corona de la Virgen en agua bendecida y la roc\u00eda sobre los fieles cat\u00f3licos todos los 6 de diciembre en los patios de la bas\u00edlica menor de la Inmaculada Concepci\u00f3n de Mar\u00eda. Foto por: \u00d3scar Navarrete\/ MAGAZINE<\/figcaption><\/figure>\n<\/div>\n\n<div class=\"wp-block-image\">\n<figure class=\"aligncenter\"><a href=\"https:\/\/d1xxa24wwackpg.cloudfront.net\/wp-content\/uploads\/2023\/12\/FOTO5-25-scaled.jpg\"><img decoding=\"async\" src=\"https:\/\/d1xxa24wwackpg.cloudfront.net\/wp-content\/uploads\/2023\/12\/FOTO5-25-1024x687.jpg\" alt=\"\" class=\"wp-image-57266\"\/><\/a><figcaption class=\"wp-element-caption\">Los famosos \u201cToros Encuetados\u201d con su pirotecnia de luces de colores son parte de la tradici\u00f3n de la griter\u00eda en Le\u00f3n, como los bailes de Las Gigantonas y las luces con p\u00f3lvora de colores que iluminan la antigua Catedral despu\u00e9s que el obispo a las seis de la tarde da el grito de \u00bfQui\u00e9n Causa Tanta Alegr\u00eda? y la muchedumbre responde \u201cLa Concepci\u00f3n de Mar\u00eda\u201d. Foto por: \u00d3scar Navarrete\/ MAGAZINE<\/figcaption><\/figure>\n<\/div>\n\n<div class=\"wp-block-image\">\n<figure class=\"aligncenter\"><a href=\"https:\/\/d1xxa24wwackpg.cloudfront.net\/wp-content\/uploads\/2023\/12\/FOTO6-23-scaled.jpg\"><img decoding=\"async\" src=\"https:\/\/d1xxa24wwackpg.cloudfront.net\/wp-content\/uploads\/2023\/12\/FOTO6-23-1024x680.jpg\" alt=\"\" class=\"wp-image-57265\"\/><\/a><figcaption class=\"wp-element-caption\">Despu\u00e9s que concluye la misa en la bas\u00edlica menor de El Viejo todos los seis de diciembre, los participantes cat\u00f3licos que viajan de diferentes puntos del pa\u00eds se aglomeran en los patios del templo para celebrar la tradicional Lavada de la Plata que consiste en frotar con algod\u00f3n las joyas y prendas de la Inmaculada Concepci\u00f3n de Mar\u00eda. Foto por: \u00d3scar Navarrete\/ MAGAZINE<\/figcaption><\/figure>\n<\/div>\n\n<div class=\"wp-block-image\">\n<figure class=\"aligncenter\"><a href=\"https:\/\/d1xxa24wwackpg.cloudfront.net\/wp-content\/uploads\/2023\/12\/FOTO7-22-scaled.jpg\"><img decoding=\"async\" src=\"https:\/\/d1xxa24wwackpg.cloudfront.net\/wp-content\/uploads\/2023\/12\/FOTO7-22-687x1024.jpg\" alt=\"\" class=\"wp-image-57264\"\/><\/a><figcaption class=\"wp-element-caption\">Un altar elaborado con tres im\u00e1genes de la Pur\u00edsima en la ciudad de Le\u00f3n durante la tradicional griter\u00eda a la Virgen Mar\u00eda. Foto por: \u00d3scar Navarrete\/ MAGAZINE<\/figcaption><\/figure>\n<\/div>\n\n<div class=\"wp-block-image\">\n<figure class=\"aligncenter\"><a href=\"https:\/\/d1xxa24wwackpg.cloudfront.net\/wp-content\/uploads\/2023\/12\/FOTO8-24-scaled.jpg\"><img decoding=\"async\" src=\"https:\/\/d1xxa24wwackpg.cloudfront.net\/wp-content\/uploads\/2023\/12\/FOTO8-24-1024x684.jpg\" alt=\"\" class=\"wp-image-57263\"\/><\/a><figcaption class=\"wp-element-caption\">Varios platos con vigor\u00f3n, comida t\u00edpica de Nicaragua, para obsequiar a las personas que llegan a cantar a la Virgen Mar\u00eda durante la noche de la tradicional Griter\u00eda. Foto por: \u00d3scar Navarrete\/MAGAZINE<\/figcaption><\/figure>\n<\/div>\n\n<div class=\"wp-block-image\">\n<figure class=\"aligncenter\"><a href=\"https:\/\/d1xxa24wwackpg.cloudfront.net\/wp-content\/uploads\/2023\/12\/FOTO9-24-scaled.jpg\"><img decoding=\"async\" src=\"https:\/\/d1xxa24wwackpg.cloudfront.net\/wp-content\/uploads\/2023\/12\/FOTO9-24-1024x684.jpg\" alt=\"\"\/><\/a><figcaption class=\"wp-element-caption\">Personas asisten a los altares de los barrios de Managua para cantar a la Virgen Mar\u00eda durante la noche de la tradicional Griter\u00eda que se celebra todos los siete de diciembre desde las seis de la tarde hasta la medianoche, donde las personas entonan cantos en los alatares hechos por los promesantes. Foto por: \u00d3scar Navarrete\/ MAGAZINE<\/figcaption><\/figure>\n<\/div>\n\n<div class=\"wp-block-image\">\n<figure class=\"aligncenter\"><a href=\"https:\/\/d1xxa24wwackpg.cloudfront.net\/wp-content\/uploads\/2023\/12\/FOTO10-23-scaled.jpg\"><img decoding=\"async\" src=\"https:\/\/d1xxa24wwackpg.cloudfront.net\/wp-content\/uploads\/2023\/12\/FOTO10-23-1024x684.jpg\" alt=\"\"\/><\/a><figcaption class=\"wp-element-caption\">Durante la celebraci\u00f3n de la Griter\u00eda son comunes las filas de personas en las casas donde est\u00e1n los altares a la Virgen. Normalmente un miembro de la casa organiza las entradas y salidas de personas para garantizar el orden y todos puedan cantar a la Virgen y recibir su respectivo brindis. Foto por: \u00d3scar Navarrete\/ MAGAZINE<\/figcaption><\/figure>\n<\/div>\n\n<div class=\"wp-block-image\">\n<figure class=\"aligncenter\"><a href=\"https:\/\/d1xxa24wwackpg.cloudfront.net\/wp-content\/uploads\/2023\/12\/FOTO11-22-scaled.jpg\"><img decoding=\"async\" src=\"https:\/\/d1xxa24wwackpg.cloudfront.net\/wp-content\/uploads\/2023\/12\/FOTO11-22-768x1024.jpg\" alt=\"\"\/><\/a><figcaption class=\"wp-element-caption\">Un altar elaborado a la Inmaculada Concepci\u00f3n de Mar\u00eda en un barrio de Managua. Estos altares son adornados con luces y flores tradicionales, tambi\u00e9n se agregan frutas, matracas, canastitas, chischiles, banderines que son t\u00edpicos de estas fiestas marianas, as\u00ed como \u00e1ngeles, estrellas y frases en honor a la patrona de todos los nicarag\u00fcenses. Foto por: \u00d3scar Navarrete\/ MAGAZINE<\/figcaption><\/figure>\n<\/div>\n\n<div class=\"wp-block-image\">\n<figure class=\"aligncenter\"><a href=\"https:\/\/d1xxa24wwackpg.cloudfront.net\/wp-content\/uploads\/2023\/12\/FOTO12-19-scaled.jpg\"><img decoding=\"async\" src=\"https:\/\/d1xxa24wwackpg.cloudfront.net\/wp-content\/uploads\/2023\/12\/FOTO12-19-1024x684.jpg\" alt=\"\" class=\"wp-image-57270\"\/><\/a><figcaption class=\"wp-element-caption\">La celebraci\u00f3n de la Griter\u00eda va siempre acompa\u00f1ada con p\u00f3lvora, se tiran cargas cerradas de triquitraques, cohetes y luces de colores para venerar a la Virgen Mar\u00eda. Tambi\u00e9n es parte de la tradici\u00f3n la m\u00fasica con marimbas, mariachis y filarm\u00f3nicos. Foto por: \u00d3scar Navarrete\/ MAGAZINE<\/figcaption><\/figure>\n<\/div>","protected":false},"excerpt":{"rendered":"<p>La llegada de la Virgen Mar\u00eda a Nicaragua ocurri\u00f3 en un pueblo ind\u00edgena llamado Chamulpa, hoy ciudad de El Viejo, en el a\u00f1o de 1562 cuando un hermano de Teresa de \u00c1vila (Santa Teresa de Jes\u00fas) viajaba hac\u00eda Per\u00fa con la sagrada imagen donde ser\u00eda su destino final.<\/p>\n","protected":false},"author":5306,"featured_media":58492,"comment_status":"open","ping_status":"open","sticky":false,"template":"","format":"standard","meta":{"_acf_changed":false,"footnotes":""},"categories":[26],"tags":[4996,81],"class_list":["post-58491","post","type-post","status-publish","format-standard","has-post-thumbnail","hentry","category-reportajes","tag-la-purisima","tag-nicaragua"],"acf":[],"_links":{"self":[{"href":"https:\/\/staging.laprensanic.com\/magazine\/wp-json\/wp\/v2\/posts\/58491","targetHints":{"allow":["GET"]}}],"collection":[{"href":"https:\/\/staging.laprensanic.com\/magazine\/wp-json\/wp\/v2\/posts"}],"about":[{"href":"https:\/\/staging.laprensanic.com\/magazine\/wp-json\/wp\/v2\/types\/post"}],"author":[{"embeddable":true,"href":"https:\/\/staging.laprensanic.com\/magazine\/wp-json\/wp\/v2\/users\/5306"}],"replies":[{"embeddable":true,"href":"https:\/\/staging.laprensanic.com\/magazine\/wp-json\/wp\/v2\/comments?post=58491"}],"version-history":[{"count":2,"href":"https:\/\/staging.laprensanic.com\/magazine\/wp-json\/wp\/v2\/posts\/58491\/revisions"}],"predecessor-version":[{"id":58494,"href":"https:\/\/staging.laprensanic.com\/magazine\/wp-json\/wp\/v2\/posts\/58491\/revisions\/58494"}],"wp:featuredmedia":[{"embeddable":true,"href":"https:\/\/staging.laprensanic.com\/magazine\/wp-json\/wp\/v2\/media\/58492"}],"wp:attachment":[{"href":"https:\/\/staging.laprensanic.com\/magazine\/wp-json\/wp\/v2\/media?parent=58491"}],"wp:term":[{"taxonomy":"category","embeddable":true,"href":"https:\/\/staging.laprensanic.com\/magazine\/wp-json\/wp\/v2\/categories?post=58491"},{"taxonomy":"post_tag","embeddable":true,"href":"https:\/\/staging.laprensanic.com\/magazine\/wp-json\/wp\/v2\/tags?post=58491"}],"curies":[{"name":"wp","href":"https:\/\/api.w.org\/{rel}","templated":true}]}}