{"id":58499,"date":"2024-01-02T09:21:42","date_gmt":"2024-01-02T15:21:42","guid":{"rendered":"https:\/\/magazine.laprensanic.com\/?p=58499"},"modified":"2024-01-02T09:21:42","modified_gmt":"2024-01-02T15:21:42","slug":"cuando-nacio-realmente-jesucristo","status":"publish","type":"post","link":"https:\/\/staging.laprensanic.com\/magazine\/periscopio\/cuando-nacio-realmente-jesucristo\/","title":{"rendered":"\u00bfCu\u00e1ndo naci\u00f3 realmente Jesucristo?"},"content":{"rendered":"\n<p>No cabe duda de que el cumplea\u00f1os de Jesucristo es el m\u00e1s popular del planeta, por ello resulta curioso que la fecha de su natalicio est\u00e9 equivocada por varios meses. Los estudiosos de la vida del hombre que dio origen al cristianismo, la religi\u00f3n m\u00e1s extendida en el mundo, coinciden en que Jes\u00fas de Nazareth existi\u00f3, pero, eso s\u00ed, no naci\u00f3 en el a\u00f1o 1 de nuestra era y mucho menos el 25 de diciembre.<\/p>\n\n\n\n<p>En lo que respecta al a\u00f1o de su nacimiento, los dos datos a los que com\u00fanmente hacen referencia los especialistas son el reinado de Herodes el Grande, rey de Judea, y un censo del emperador romano Augusto. Ambos hechos son hist\u00f3ricos y aparecen en los evangelios para contextualizar la llegada del Mes\u00edas cristiano al mundo. El problema es que existe una diferencia de diez a\u00f1os entre los dos; por lo tanto, uno de ellos tiene que ser anacr\u00f3nico.<\/p>\n\n\n\n<p>Adem\u00e1s, ninguno de esos hechos aconteci\u00f3 en el a\u00f1o 1. Los evangelios mencionan que Jes\u00fas naci\u00f3 uno o dos a\u00f1os antes de la muerte de Herodes, quien, de acuerdo con los registros romanos, rein\u00f3 entre los a\u00f1os 37 y 4 a.C. Por otro lado, el libro de Lucas se\u00f1ala que, en el a\u00f1o del nacimiento de Cristo, el emperador Augusto realiz\u00f3 un gran censo poblacional. Sin embargo, apuntes hist\u00f3ricos ubican ese censo en el a\u00f1o 6 o 7 d.C., cuando Judea ya era una provincia romana. Aunque algunos acad\u00e9micos proponen la posibilidad de que el censo del que Lucas habla sea otro, no registrado.<\/p>\n\n\n\n<p>Debido a que Herodes aparece con mucha frecuencia en los evangelios, es m\u00e1s seguro tomar su reinado como referencia v\u00e1lida. Eso ubicar\u00eda el nacimiento de Jesucristo alrededor del a\u00f1o 6 a.C., concluye la revista National Geographic en el reportaje \u201cEn qu\u00e9 a\u00f1o naci\u00f3 Jes\u00fas seg\u00fan la historia\u201d.<\/p>\n\n\n\n<p>Eso coincide a medias con otra referencia ofrecida por el evangelista Lucas. En Lucas 3.23 se asegura que Jes\u00fas \u201cera como de 30 a\u00f1os\u201d en el decimoquinto a\u00f1o del imperio de Tiberio, estimado en el a\u00f1o 28 o 29 de nuestra era. Si la frase se interpreta como que el Mes\u00edas ten\u00eda unos 33 a\u00f1os en ese momento, su nacimiento calzar\u00eda en la recta final del reinado de Herodes.<\/p>\n\n\n\n<p>La fecha incorrectamente considerada como a\u00f1o 1 fue establecida, no se sabe si adrede o por accidente, por un monje bizantino del siglo VI llamado Dionisio el Exiguo, apunta National Geographic. Este monje dise\u00f1\u00f3 un nuevo sistema para separar la era pagana de la cristiana. De esa manera el&nbsp;<em>Anno Domini<\/em> o \u201cA\u00f1o del Se\u00f1or\u201d sustituy\u00f3 la dataci\u00f3n romana&nbsp;<em>ad Urbe condita<\/em>, que quiere decir \u201cdesde la fundaci\u00f3n de la ciudad\u201d. Es decir, de Roma.<\/p>\n\n\n\n<p>En cuanto al 25 de diciembre, fue otra clase de imposici\u00f3n, pues ni siquiera los evangelios b\u00edblicos mencionan la fecha. La estableci\u00f3 el emperador romano Constantino, el primero en convertirse al cristianismo y legalizarlo como religi\u00f3n.<\/p>\n\n\n\n<p>La elecci\u00f3n de la fecha tiene un trasfondo pr\u00e1ctico y pagano: ese d\u00eda se celebraba la fiesta del Sol Invicto, al final de las celebraciones del solsticio de invierno conocidas como saturnales. Constantino pretend\u00eda abrirle camino al cristianismo superponiendo sus pr\u00e1cticas a fiestas tradicionales para que los romanos asimilaran mejor una nueva figura sagrada: Jes\u00fas. Puede decirse que lo logr\u00f3.<\/p>\n\n\n\n<p>\u00abFue una elecci\u00f3n bastante consciente y expl\u00edcita de usar el solsticio de invierno para simbolizar el papel de Cristo como la luz del mundo\u00bb, opin\u00f3 en 2021 Diarmaid MacCulloch, profesor de historia de la Iglesia de la Universidad de Oxford, en entrevista con la BBC Mundo.<\/p>\n\n\n\n<p>\u00abLas costumbres de fiesta y desgobierno de las saturnales en la misma \u00e9poca del a\u00f1o migraron naturalmente a la pr\u00e1ctica cristiana, ya que en el siglo IV el cristianismo se estaba volviendo m\u00e1s prominente en la sociedad romana. Iban a aceptarse mejor las nuevas creencias si no chocaban con sus antiguas costumbres no cristianas\u00bb, agreg\u00f3.<\/p>\n\n\n\n<p>Por otra parte, es poco probable que Jes\u00fas haya nacido en diciembre, puesto que es un mes muy fr\u00edo y no era factible que, bajo esas temperaturas, los pastores que aparecen en los evangelios sacaran a pastar su ganado. Tambi\u00e9n es poco cre\u00edble que se decretara en esas fechas el censo masivo que menciona Lucas. Es m\u00e1s seguro ubicar el nacimiento del Mes\u00edas en un mes c\u00e1lido de primavera o verano.<\/p>\n\n\n\n<p>Para fines pr\u00e1cticos, el 25 de diciembre es el natalicio del Se\u00f1or. Con el tiempo la Navidad se extendi\u00f3 por el mundo cristiano y no cristiano, y lo que no hizo la religi\u00f3n, lo hizo el mercadeo, pues a los comerciantes debemos la popularidad de s\u00edmbolos navide\u00f1os como el arbolito, las luces parpadeantes e incluso Santa Claus.<\/p>\n","protected":false},"excerpt":{"rendered":"<p>En lo que respecta al a\u00f1o de su nacimiento, los dos datos a los que com\u00fanmente hacen referencia los especialistas son el reinado de Herodes el Grande, rey de Judea, y un censo del emperador romano Augusto.<\/p>\n","protected":false},"author":5306,"featured_media":58500,"comment_status":"open","ping_status":"open","sticky":false,"template":"","format":"standard","meta":{"_acf_changed":false,"footnotes":""},"categories":[1],"tags":[4998],"class_list":["post-58499","post","type-post","status-publish","format-standard","has-post-thumbnail","hentry","category-periscopio","tag-jesucristo"],"acf":[],"_links":{"self":[{"href":"https:\/\/staging.laprensanic.com\/magazine\/wp-json\/wp\/v2\/posts\/58499","targetHints":{"allow":["GET"]}}],"collection":[{"href":"https:\/\/staging.laprensanic.com\/magazine\/wp-json\/wp\/v2\/posts"}],"about":[{"href":"https:\/\/staging.laprensanic.com\/magazine\/wp-json\/wp\/v2\/types\/post"}],"author":[{"embeddable":true,"href":"https:\/\/staging.laprensanic.com\/magazine\/wp-json\/wp\/v2\/users\/5306"}],"replies":[{"embeddable":true,"href":"https:\/\/staging.laprensanic.com\/magazine\/wp-json\/wp\/v2\/comments?post=58499"}],"version-history":[{"count":2,"href":"https:\/\/staging.laprensanic.com\/magazine\/wp-json\/wp\/v2\/posts\/58499\/revisions"}],"predecessor-version":[{"id":58502,"href":"https:\/\/staging.laprensanic.com\/magazine\/wp-json\/wp\/v2\/posts\/58499\/revisions\/58502"}],"wp:featuredmedia":[{"embeddable":true,"href":"https:\/\/staging.laprensanic.com\/magazine\/wp-json\/wp\/v2\/media\/58500"}],"wp:attachment":[{"href":"https:\/\/staging.laprensanic.com\/magazine\/wp-json\/wp\/v2\/media?parent=58499"}],"wp:term":[{"taxonomy":"category","embeddable":true,"href":"https:\/\/staging.laprensanic.com\/magazine\/wp-json\/wp\/v2\/categories?post=58499"},{"taxonomy":"post_tag","embeddable":true,"href":"https:\/\/staging.laprensanic.com\/magazine\/wp-json\/wp\/v2\/tags?post=58499"}],"curies":[{"name":"wp","href":"https:\/\/api.w.org\/{rel}","templated":true}]}}