{"id":9786,"date":"2011-06-26T12:07:14","date_gmt":"2011-06-26T12:07:14","guid":{"rendered":"http:\/\/localhost\/magazine\/reportaje\/una-historia-que-inspira"},"modified":"2018-04-03T10:30:57","modified_gmt":"2018-04-03T16:30:57","slug":"una-historia-que-inspira","status":"publish","type":"post","link":"https:\/\/staging.laprensanic.com\/magazine\/reportajes\/una-historia-que-inspira\/","title":{"rendered":"Una historia que inspira"},"content":{"rendered":"<div class=\"na-media na-image-normal image-152638\" style=\"width: 266px;\">\n<p><img fetchpriority=\"high\" decoding=\"async\" title=\"1360095337_218-MAG-Gabriela.jpg\" src=\"http:\/\/imgs.laprensa.com.ni\/2013\/02\/600x400_1360095337_218-MAG-Gabriela.jpg\" alt=\"\" width=\"266\" height=\"400\" \/><\/p>\n<div class=\"info\">\n<p>Hace cinco a\u00f1os Gabriela Molina y Eliette Morales fueron portadada de Magazine.<\/p>\n<p>Peinado y maquillaje: Sal\u00f3n de Belleza Luz y Estilo.<\/p>\n<\/div>\n<\/div>\n<p>&nbsp;<\/p>\n<p><strong>Por Dora Luz Romero <\/strong><\/p>\n<p>Hab\u00edan pasado apenas tres meses desde el accidente en el que Gabriela Molina perdi\u00f3 su brazo, cuando decidi\u00f3 aparecer sonriente, con pose de modelo, en la portada de Magazine. Era la primera vez que compart\u00eda su historia completa, c\u00f3mo se sent\u00eda, c\u00f3mo hab\u00eda cambiado su vida y c\u00f3mo la enfrentaba.<\/p>\n<p>No apareci\u00f3 sola en la portada. Abrazada a ella estaba Eliette Morales, tambi\u00e9n sin un brazo.<\/p>\n<p>Una foto hermosa, tierna. Dos muchachas sonrientes y coquetas invitaban a leer. Aunque algunos podr\u00edan haberlo visto como una historia lastimera, no lo era. Gabriela y Eliette con esas caras de \u00e1nimo\u00a0 no lo permit\u00edan, ellas transmit\u00edan felicidad genuina y a la vez daban una lecci\u00f3n de vida. Era entonces una historia que hac\u00eda repensar, reflexionar, agradecer.<\/p>\n<p>Gabriela era modelo, ten\u00eda 20 a\u00f1os cuando un accidente automovil\u00edstico, luego de que regresaba de trabajar en una h\u00edpica, le quit\u00f3 su brazo. Eliette, naci\u00f3 as\u00ed. Eran amigas cercanas, de esas que salen a bailar y no paran hasta que los tacones gritan.<\/p>\n<p>A\u00fan con los rostros de felicidad, el relato no dejaba de conmover. \u00bfC\u00f3mo se vive con un solo brazo? Para Eliette era un poco m\u00e1s f\u00e1cil, as\u00ed lo dec\u00eda ella misma.\u00a0 Nunca supo qu\u00e9 era tener dos. Pero para Gabriela era una tragedia. Sus sue\u00f1os de modelo se cayeron. Tendr\u00eda que pasar mucho tiempo, dijo, para que pudiera volver a ser la misma. A\u00fan as\u00ed, le sonre\u00eda al mundo\u00a0 y trataba de luchar contra sus propios miedos, sobre todo con esa idea del rechazo. \u201cSent\u00eda miedo de que me rechazaran porque no estaba acostumbrada a sentirme as\u00ed, a verme as\u00ed. Yo me miraba en el espejo y sent\u00eda que no era yo. Pero eso ya cambi\u00f3, ahora puedo verme y me veo a m\u00ed en el espejo. Esta soy yo\u201d. Le toc\u00f3 ir a psic\u00f3logos, psiquiatras, superar el trauma. \u201cEs una etapa que nunca la voy a olvidar, pero ya la super\u00e9\u201d, dice ahora ya con 26 a\u00f1os.<\/p>\n<p>Aprendi\u00f3 a hacer todo con un solo brazo, lo \u00fanico que no puede, a\u00fan, es amarrarse los cordones de los zapatos. \u201cYo me siento muy bien, he pasado a\u00f1os muy buenos y bendecidos, Dios ha sido bueno conmigo\u201d.<\/p>\n<p>Gabriela termin\u00f3 sus estudios de Periodismo. Trabaja como analista de cobranza en la Direcci\u00f3n General de Ingresos (DGI). \u201cNada que ver con lo que estudi\u00e9, pero me gusta, y he aprendido mucho\u201d, cuenta.<\/p>\n<p>Por su parte, Eliette, ya con 23 a\u00f1os, es abogada y notaria p\u00fablica y trabaja en asesor\u00eda legal en el Ministerio de Transporte e Infraestructura (MTI).<\/p>\n<p>Cinco a\u00f1os han pasado desde que publicamos el reportaje\u00a0 en el que aparec\u00edan Gabriela y Eliette. Siguen siendo buenas amigas, pero ya cambiaron las discotecas por el cine y los karaokes. \u201cYa los tacones pesan\u201d, confiesan entre risas.<\/p>\n<p>Han regresado para posar y conversar nuevamente con Magazine. A pesar de las dificultades, coinciden ambas, se sienten agradecidas por c\u00f3mo las ha tratado la vida. Se abrazan, sonr\u00eden, posan,\u00a0 y la c\u00e1mara, igual que la primera vez, se enamora de ellas.<\/p>\n","protected":false},"excerpt":{"rendered":"<p>Gabriela y Eliette fueron las protagonistas Magazine en junio de 2007<\/p>\n","protected":false},"author":5091,"featured_media":16565,"comment_status":"open","ping_status":"open","sticky":false,"template":"","format":"standard","meta":{"_acf_changed":false,"footnotes":""},"categories":[26],"tags":[24],"class_list":["post-9786","post","type-post","status-publish","format-standard","has-post-thumbnail","hentry","category-reportajes","tag-magazine"],"acf":[],"_links":{"self":[{"href":"https:\/\/staging.laprensanic.com\/magazine\/wp-json\/wp\/v2\/posts\/9786","targetHints":{"allow":["GET"]}}],"collection":[{"href":"https:\/\/staging.laprensanic.com\/magazine\/wp-json\/wp\/v2\/posts"}],"about":[{"href":"https:\/\/staging.laprensanic.com\/magazine\/wp-json\/wp\/v2\/types\/post"}],"author":[{"embeddable":true,"href":"https:\/\/staging.laprensanic.com\/magazine\/wp-json\/wp\/v2\/users\/5091"}],"replies":[{"embeddable":true,"href":"https:\/\/staging.laprensanic.com\/magazine\/wp-json\/wp\/v2\/comments?post=9786"}],"version-history":[{"count":3,"href":"https:\/\/staging.laprensanic.com\/magazine\/wp-json\/wp\/v2\/posts\/9786\/revisions"}],"predecessor-version":[{"id":41152,"href":"https:\/\/staging.laprensanic.com\/magazine\/wp-json\/wp\/v2\/posts\/9786\/revisions\/41152"}],"wp:featuredmedia":[{"embeddable":true,"href":"https:\/\/staging.laprensanic.com\/magazine\/wp-json\/wp\/v2\/media\/16565"}],"wp:attachment":[{"href":"https:\/\/staging.laprensanic.com\/magazine\/wp-json\/wp\/v2\/media?parent=9786"}],"wp:term":[{"taxonomy":"category","embeddable":true,"href":"https:\/\/staging.laprensanic.com\/magazine\/wp-json\/wp\/v2\/categories?post=9786"},{"taxonomy":"post_tag","embeddable":true,"href":"https:\/\/staging.laprensanic.com\/magazine\/wp-json\/wp\/v2\/tags?post=9786"}],"curies":[{"name":"wp","href":"https:\/\/api.w.org\/{rel}","templated":true}]}}